{"id":26407,"date":"2026-08-11T10:11:14","date_gmt":"2026-08-11T10:11:14","guid":{"rendered":""},"modified":"-0001-11-30T00:00:00","modified_gmt":"-0001-11-29T22:00:00","slug":"storia-dei-cavalli-leggendari-nelle-corse","status":"publish","type":"post","link":"https:\/\/www.laicatosaveriano.it\/en\/2026\/08\/11\/storia-dei-cavalli-leggendari-nelle-corse.html","title":{"rendered":"Storia dei Cavalli Leggendari nelle Corse"},"content":{"rendered":"<h2>Origini e Misteri<\/h2>\n<p>Il raccontare i primi zoccoli che calcano la roccia \u00e8 entrare in un vortice di mito e realt\u00e0. Prima che la leggenda si fissasse su pergamene, gli abitanti vedevano ombre di crini splendenti nella nebbia dell\u2019alba.<\/p>\n<h2>Il Cavallo di Ruggiero<\/h2>\n<p>Un nome che rimbomba ancora nei villaggi: Ruggiero, il destriero nero come l\u2019oncia di un corvo, capace di sprigionare una velocit\u00e0 che supera il soffio del vento. Si dice che attraversasse le gole in due battiti di cuore, lasciando una scia di scintille. A proposito, quella leggenda \u00e8 il pilastro di numerose gare clandestine.<\/p>\n<h3>Il Segreto della Corsa<\/h3>\n<p>La verit\u00e0? Il terreno di corse \u00e8 una tavola di pietra levigata da secoli di passaggi, una pista naturale che conferisce ad ogni zoccolo un \u201cgrip\u201d quasi magico. Gli esperti di <a href=\"https:\/\/corsedeicavalliscomm.com\">corsedeicavalliscomm.com<\/a> concordano: il microclima della valle amplifica l\u2019energia del cavallo.<\/p>\n<h2>Il Cavallo d\u2019Oro di Livia<\/h2>\n<p>Livia, la principessa guerriera, montava un destriero dorato che brillava come il sole al tramonto. Una volta, il cavallo scatt\u00f2 cos\u00ec in alto che gli archi rimasti in cielo si spezzarono. Ecco il punto: la leggenda non \u00e8 solo una storia, \u00e8 un monito su quanto il potere della volont\u00e0 possa trasformare il muscolo in mito.<\/p>\n<h3>Influenza sulle Corse Moderne<\/h3>\n<p>Oggi, i fantini pi\u00f9 temuti citano ancora il Cavallo d\u2019Oro per ispirarsi. Alcuni allenatori studiano la postura di quel destriero, altri riproducono la colonna sonora dei battiti di ferro. In certe notti di luna piena, gli spettatori sostengono di sentire ancora l\u2019eco di quei passi.<\/p>\n<h2>Il Giudizio del Drago di Pietra<\/h2>\n<p>Un drago di roccia che custodiva il punto di partenza, pronto a sfidare chiunque osasse avvicinarsi. I pi\u00f9 coraggiosi lo hanno affrontato, e il drago ha ruggito per tre ore prima di cedere. Perch\u00e9? Perch\u00e9 la leggenda ricorda che la determinazione batte la pietra pi\u00f9 dura.<\/p>\n<h3>Conclusione Furtiva<\/h3>\n<p>Non c\u2019\u00e8 spazio per la mediocrit\u00e0: allenati, scegli il terreno giusto, e, soprattutto, credi nella leggenda dentro di te. Inizia la tua prossima corsa subito.   <\/p>\n","protected":false},"excerpt":{"rendered":"<p>Origini e Misteri Il raccontare i primi zoccoli che calcano la roccia \u00e8 entrare in un vortice di mito e realt\u00e0. Prima che la leggenda si fissasse su pergamene, gli abitanti vedevano ombre di crini splendenti nella nebbia dell\u2019alba. Il Cavallo di Ruggiero Un nome che rimbomba ancora nei villaggi: Ruggiero, il destriero nero come&#8230;<\/p>\n","protected":false},"author":63,"featured_media":0,"comment_status":"closed","ping_status":"closed","sticky":false,"template":"","format":"standard","meta":{"footnotes":""},"categories":[],"tags":[],"class_list":["post-26407","post","type-post","status-publish","format-standard","hentry"],"yoast_head":"<!-- This site is optimized with the Yoast SEO plugin v26.6 - https:\/\/yoast.com\/wordpress\/plugins\/seo\/ -->\n<title>Storia dei Cavalli Leggendari nelle Corse - Laicato Saveriano<\/title>\n<meta name=\"robots\" content=\"index, follow, max-snippet:-1, max-image-preview:large, max-video-preview:-1\" \/>\n<link rel=\"canonical\" href=\"https:\/\/www.laicatosaveriano.it\/2026\/08\/11\/storia-dei-cavalli-leggendari-nelle-corse.html\" \/>\n<meta property=\"og:locale\" content=\"en_US\" \/>\n<meta property=\"og:type\" content=\"article\" \/>\n<meta property=\"og:title\" content=\"Storia dei Cavalli Leggendari nelle Corse - Laicato Saveriano\" \/>\n<meta property=\"og:description\" content=\"Origini e Misteri Il raccontare i primi zoccoli che calcano la roccia \u00e8 entrare in un vortice di mito e realt\u00e0. Prima che la leggenda si fissasse su pergamene, gli abitanti vedevano ombre di crini splendenti nella nebbia dell\u2019alba. Il Cavallo di Ruggiero Un nome che rimbomba ancora nei villaggi: Ruggiero, il destriero nero come...\" \/>\n<meta property=\"og:url\" content=\"https:\/\/www.laicatosaveriano.it\/2026\/08\/11\/storia-dei-cavalli-leggendari-nelle-corse.html\" \/>\n<meta property=\"og:site_name\" content=\"Laicato Saveriano\" \/>\n<meta property=\"article:published_time\" content=\"2026-08-11T10:11:14+00:00\" \/>\n<meta name=\"twitter:card\" content=\"summary_large_image\" \/>\n<meta name=\"twitter:label1\" content=\"Written by\" \/>\n\t<meta name=\"twitter:data1\" content=\"\" \/>\n\t<meta name=\"twitter:label2\" content=\"Est. reading time\" \/>\n\t<meta name=\"twitter:data2\" content=\"2 minutes\" \/>\n<script type=\"application\/ld+json\" class=\"yoast-schema-graph\">{\"@context\":\"https:\/\/schema.org\",\"@graph\":[{\"@type\":\"Article\",\"@id\":\"https:\/\/www.laicatosaveriano.it\/2026\/08\/11\/storia-dei-cavalli-leggendari-nelle-corse.html#article\",\"isPartOf\":{\"@id\":\"https:\/\/www.laicatosaveriano.it\/2026\/08\/11\/storia-dei-cavalli-leggendari-nelle-corse.html\"},\"author\":{\"name\":\"\",\"@id\":\"\"},\"headline\":\"Storia dei Cavalli Leggendari nelle Corse\",\"datePublished\":\"2026-08-11T10:11:14+00:00\",\"mainEntityOfPage\":{\"@id\":\"https:\/\/www.laicatosaveriano.it\/2026\/08\/11\/storia-dei-cavalli-leggendari-nelle-corse.html\"},\"wordCount\":339,\"publisher\":{\"@id\":\"https:\/\/www.laicatosaveriano.it\/#organization\"},\"inLanguage\":\"en-US\"},{\"@type\":\"WebPage\",\"@id\":\"https:\/\/www.laicatosaveriano.it\/2026\/08\/11\/storia-dei-cavalli-leggendari-nelle-corse.html\",\"url\":\"https:\/\/www.laicatosaveriano.it\/2026\/08\/11\/storia-dei-cavalli-leggendari-nelle-corse.html\",\"name\":\"Storia dei Cavalli Leggendari nelle Corse - Laicato Saveriano\",\"isPartOf\":{\"@id\":\"https:\/\/www.laicatosaveriano.it\/#website\"},\"datePublished\":\"2026-08-11T10:11:14+00:00\",\"breadcrumb\":{\"@id\":\"https:\/\/www.laicatosaveriano.it\/2026\/08\/11\/storia-dei-cavalli-leggendari-nelle-corse.html#breadcrumb\"},\"inLanguage\":\"en-US\",\"potentialAction\":[{\"@type\":\"ReadAction\",\"target\":[\"https:\/\/www.laicatosaveriano.it\/2026\/08\/11\/storia-dei-cavalli-leggendari-nelle-corse.html\"]}]},{\"@type\":\"BreadcrumbList\",\"@id\":\"https:\/\/www.laicatosaveriano.it\/2026\/08\/11\/storia-dei-cavalli-leggendari-nelle-corse.html#breadcrumb\",\"itemListElement\":[{\"@type\":\"ListItem\",\"position\":1,\"name\":\"Home\",\"item\":\"https:\/\/www.laicatosaveriano.it\/\"},{\"@type\":\"ListItem\",\"position\":2,\"name\":\"Storia dei Cavalli Leggendari nelle Corse\"}]},{\"@type\":\"WebSite\",\"@id\":\"https:\/\/www.laicatosaveriano.it\/#website\",\"url\":\"https:\/\/www.laicatosaveriano.it\/\",\"name\":\"Laicato Saveriano\",\"description\":\"Fare del mondo una sola famiglia\",\"publisher\":{\"@id\":\"https:\/\/www.laicatosaveriano.it\/#organization\"},\"potentialAction\":[{\"@type\":\"SearchAction\",\"target\":{\"@type\":\"EntryPoint\",\"urlTemplate\":\"https:\/\/www.laicatosaveriano.it\/?s={search_term_string}\"},\"query-input\":{\"@type\":\"PropertyValueSpecification\",\"valueRequired\":true,\"valueName\":\"search_term_string\"}}],\"inLanguage\":\"en-US\"},{\"@type\":\"Organization\",\"@id\":\"https:\/\/www.laicatosaveriano.it\/#organization\",\"name\":\"Laicato Saveriano\",\"url\":\"https:\/\/www.laicatosaveriano.it\/\",\"logo\":{\"@type\":\"ImageObject\",\"inLanguage\":\"en-US\",\"@id\":\"https:\/\/www.laicatosaveriano.it\/#\/schema\/logo\/image\/\",\"url\":\"https:\/\/www.laicatosaveriano.it\/wp-content\/uploads\/2024\/11\/cropped-logocropped-logo-laicato-saveriano.jpg\",\"contentUrl\":\"https:\/\/www.laicatosaveriano.it\/wp-content\/uploads\/2024\/11\/cropped-logocropped-logo-laicato-saveriano.jpg\",\"width\":511,\"height\":511,\"caption\":\"Laicato Saveriano\"},\"image\":{\"@id\":\"https:\/\/www.laicatosaveriano.it\/#\/schema\/logo\/image\/\"}},{\"@type\":\"Person\",\"@id\":\"\",\"url\":\"https:\/\/www.laicatosaveriano.it\/en\/author\"}]}<\/script>\n<!-- \/ Yoast SEO plugin. -->","yoast_head_json":{"title":"Storia dei Cavalli Leggendari nelle Corse - Laicato Saveriano","robots":{"index":"index","follow":"follow","max-snippet":"max-snippet:-1","max-image-preview":"max-image-preview:large","max-video-preview":"max-video-preview:-1"},"canonical":"https:\/\/www.laicatosaveriano.it\/2026\/08\/11\/storia-dei-cavalli-leggendari-nelle-corse.html","og_locale":"en_US","og_type":"article","og_title":"Storia dei Cavalli Leggendari nelle Corse - Laicato Saveriano","og_description":"Origini e Misteri Il raccontare i primi zoccoli che calcano la roccia \u00e8 entrare in un vortice di mito e realt\u00e0. Prima che la leggenda si fissasse su pergamene, gli abitanti vedevano ombre di crini splendenti nella nebbia dell\u2019alba. Il Cavallo di Ruggiero Un nome che rimbomba ancora nei villaggi: Ruggiero, il destriero nero come...","og_url":"https:\/\/www.laicatosaveriano.it\/2026\/08\/11\/storia-dei-cavalli-leggendari-nelle-corse.html","og_site_name":"Laicato Saveriano","article_published_time":"2026-08-11T10:11:14+00:00","twitter_card":"summary_large_image","twitter_misc":{"Written by":"","Est. reading time":"2 minutes"},"schema":{"@context":"https:\/\/schema.org","@graph":[{"@type":"Article","@id":"https:\/\/www.laicatosaveriano.it\/2026\/08\/11\/storia-dei-cavalli-leggendari-nelle-corse.html#article","isPartOf":{"@id":"https:\/\/www.laicatosaveriano.it\/2026\/08\/11\/storia-dei-cavalli-leggendari-nelle-corse.html"},"author":{"name":"","@id":""},"headline":"Storia dei Cavalli Leggendari nelle Corse","datePublished":"2026-08-11T10:11:14+00:00","mainEntityOfPage":{"@id":"https:\/\/www.laicatosaveriano.it\/2026\/08\/11\/storia-dei-cavalli-leggendari-nelle-corse.html"},"wordCount":339,"publisher":{"@id":"https:\/\/www.laicatosaveriano.it\/#organization"},"inLanguage":"en-US"},{"@type":"WebPage","@id":"https:\/\/www.laicatosaveriano.it\/2026\/08\/11\/storia-dei-cavalli-leggendari-nelle-corse.html","url":"https:\/\/www.laicatosaveriano.it\/2026\/08\/11\/storia-dei-cavalli-leggendari-nelle-corse.html","name":"Storia dei Cavalli Leggendari nelle Corse - Laicato Saveriano","isPartOf":{"@id":"https:\/\/www.laicatosaveriano.it\/#website"},"datePublished":"2026-08-11T10:11:14+00:00","breadcrumb":{"@id":"https:\/\/www.laicatosaveriano.it\/2026\/08\/11\/storia-dei-cavalli-leggendari-nelle-corse.html#breadcrumb"},"inLanguage":"en-US","potentialAction":[{"@type":"ReadAction","target":["https:\/\/www.laicatosaveriano.it\/2026\/08\/11\/storia-dei-cavalli-leggendari-nelle-corse.html"]}]},{"@type":"BreadcrumbList","@id":"https:\/\/www.laicatosaveriano.it\/2026\/08\/11\/storia-dei-cavalli-leggendari-nelle-corse.html#breadcrumb","itemListElement":[{"@type":"ListItem","position":1,"name":"Home","item":"https:\/\/www.laicatosaveriano.it\/"},{"@type":"ListItem","position":2,"name":"Storia dei Cavalli Leggendari nelle Corse"}]},{"@type":"WebSite","@id":"https:\/\/www.laicatosaveriano.it\/#website","url":"https:\/\/www.laicatosaveriano.it\/","name":"Laicato Saveriano","description":"Fare del mondo una sola famiglia","publisher":{"@id":"https:\/\/www.laicatosaveriano.it\/#organization"},"potentialAction":[{"@type":"SearchAction","target":{"@type":"EntryPoint","urlTemplate":"https:\/\/www.laicatosaveriano.it\/?s={search_term_string}"},"query-input":{"@type":"PropertyValueSpecification","valueRequired":true,"valueName":"search_term_string"}}],"inLanguage":"en-US"},{"@type":"Organization","@id":"https:\/\/www.laicatosaveriano.it\/#organization","name":"Laicato Saveriano","url":"https:\/\/www.laicatosaveriano.it\/","logo":{"@type":"ImageObject","inLanguage":"en-US","@id":"https:\/\/www.laicatosaveriano.it\/#\/schema\/logo\/image\/","url":"https:\/\/www.laicatosaveriano.it\/wp-content\/uploads\/2024\/11\/cropped-logocropped-logo-laicato-saveriano.jpg","contentUrl":"https:\/\/www.laicatosaveriano.it\/wp-content\/uploads\/2024\/11\/cropped-logocropped-logo-laicato-saveriano.jpg","width":511,"height":511,"caption":"Laicato Saveriano"},"image":{"@id":"https:\/\/www.laicatosaveriano.it\/#\/schema\/logo\/image\/"}},{"@type":"Person","@id":"","url":"https:\/\/www.laicatosaveriano.it\/en\/author"}]}},"_links":{"self":[{"href":"https:\/\/www.laicatosaveriano.it\/en\/wp-json\/wp\/v2\/posts\/26407","targetHints":{"allow":["GET"]}}],"collection":[{"href":"https:\/\/www.laicatosaveriano.it\/en\/wp-json\/wp\/v2\/posts"}],"about":[{"href":"https:\/\/www.laicatosaveriano.it\/en\/wp-json\/wp\/v2\/types\/post"}],"author":[{"embeddable":true,"href":"https:\/\/www.laicatosaveriano.it\/en\/wp-json\/wp\/v2\/users\/63"}],"replies":[{"embeddable":true,"href":"https:\/\/www.laicatosaveriano.it\/en\/wp-json\/wp\/v2\/comments?post=26407"}],"version-history":[{"count":0,"href":"https:\/\/www.laicatosaveriano.it\/en\/wp-json\/wp\/v2\/posts\/26407\/revisions"}],"wp:attachment":[{"href":"https:\/\/www.laicatosaveriano.it\/en\/wp-json\/wp\/v2\/media?parent=26407"}],"wp:term":[{"taxonomy":"category","embeddable":true,"href":"https:\/\/www.laicatosaveriano.it\/en\/wp-json\/wp\/v2\/categories?post=26407"},{"taxonomy":"post_tag","embeddable":true,"href":"https:\/\/www.laicatosaveriano.it\/en\/wp-json\/wp\/v2\/tags?post=26407"}],"curies":[{"name":"wp","href":"https:\/\/api.w.org\/{rel}","templated":true}]}}