{"id":26603,"date":"2026-08-11T10:11:14","date_gmt":"2026-08-11T10:11:14","guid":{"rendered":""},"modified":"-0001-11-30T00:00:00","modified_gmt":"-0001-11-29T22:00:00","slug":"ciclismo-e-sostenibilita-un-futuro-piu-verde","status":"publish","type":"post","link":"https:\/\/www.laicatosaveriano.it\/en\/2026\/08\/11\/ciclismo-e-sostenibilita-un-futuro-piu-verde.html","title":{"rendered":"Ciclismo e sostenibilit\u00e0: un futuro pi\u00f9 verde"},"content":{"rendered":"<h2>Il problema che ci schiaccia<\/h2>\n<p>Le citt\u00e0 soffocano sotto un manto di smog, il traffico \u00e8 un mostro che ingoia tempo e aria pulita. Qui entra in gioco la bicicletta, non pi\u00f9 un accessorio ma un\u2019arma contro l\u2019inquinamento.<\/p>\n<h2>Perch\u00e9 il ciclismo \u00e8 la chiave verde<\/h2>\n<p>Una pedalata salva pi\u00f9 di un litro di benzina. Zero emissioni, zero rumore. La mobilit\u00e0 a due ruote riduce la congestione, migliora la qualit\u00e0 della vita, aumenta la salute pubblica.<\/p>\n<h3>Riduzione della CO\u2082<\/h3>\n<p>Ogni km in bici equivale a ~150 g di CO\u2082 risparmiati rispetto all&#8217;auto. Molti km al giorno si trasformano in decine di tonnellate risparmiate in un anno. Basta guardare i dati.<\/p>\n<h3>Benefici economici<\/h3>\n<p>Spese di carburante? Addio. Manutenzione? Minima. La spesa per una bici \u00e8 una frazione di quella per un\u2019automobile. E i comuni possono investire in piste ciclabili con ritorno rapido.<\/p>\n<h2>Le barriere da abbattere<\/h2>\n<p>Infrastrutture carenti. Strade pericolose. Cultura dell\u2019auto ancora dominante. \u00c8 il momento di rompere questi ostacoli con decisioni coraggiose.<\/p>\n<h3>Piste ciclabili: non un lusso<\/h3>\n<p>Una rete urbana sicura \u00e8 la spina dorsale della mobilit\u00e0 sostenibile. Senza percorsi dedicati, i ciclisti rimangono in balia del traffico, la paura cresce, l\u2019adozione cala.<\/p>\n<h3>Politiche incentivanti<\/h3>\n<p>Bonifiche fiscali per l\u2019acquisto di bici elettriche, sussidi per le aziende che promuovono il commuting in bici, agevolazioni per parcheggi sicuri. Il governo deve agire ora.<\/p>\n<h2>Il ruolo delle comunit\u00e0<\/h2>\n<p>Le associazioni locali hanno il pulsante di start. Organizzano eventi, promuovono il \u201cbike to work\u201d, educano i pi\u00f9 giovani. Un esempio? <a href=\"https:\/\/ciclismocampionato.com\">ciclismocampionato.com<\/a> che spinge campagne di sensibilizzazione.<\/p>\n<h3>Educazione e cultura<\/h3>\n<p>Scuole che integrano il ciclismo nel curriculum creano una generazione consapevole. Le campagne social accendono la passione, mostrano che la bici \u00e8 cool, non uno sport da nicchia.<\/p>\n<h2>Strategie d&#8217;azione immediate<\/h2>\n<p>Investi in infrastrutture, elimina le barriere, promuovi incentivi, educa la popolazione. Il futuro non aspetta.<\/p>\n<h3>Azioni concrete da implementare<\/h3>\n<p>Installa una pista ciclabile di 10 km entro 12 mesi. Concedi sconti fiscali per bici elettriche entro il prossimo budget. Lancia una campagna \u201cPedala per il Pianeta\u201d nelle scuole, adesso.<\/p>\n","protected":false},"excerpt":{"rendered":"<p>Il problema che ci schiaccia Le citt\u00e0 soffocano sotto un manto di smog, il traffico \u00e8 un mostro che ingoia tempo e aria pulita. Qui entra in gioco la bicicletta, non pi\u00f9 un accessorio ma un\u2019arma contro l\u2019inquinamento. Perch\u00e9 il ciclismo \u00e8 la chiave verde Una pedalata salva pi\u00f9 di un litro di benzina. Zero&#8230;<\/p>\n","protected":false},"author":63,"featured_media":0,"comment_status":"closed","ping_status":"closed","sticky":false,"template":"","format":"standard","meta":{"footnotes":""},"categories":[],"tags":[],"class_list":["post-26603","post","type-post","status-publish","format-standard","hentry"],"yoast_head":"<!-- This site is optimized with the Yoast SEO plugin v26.6 - https:\/\/yoast.com\/wordpress\/plugins\/seo\/ -->\n<title>Ciclismo e sostenibilit\u00e0: un futuro pi\u00f9 verde - Laicato Saveriano<\/title>\n<meta name=\"robots\" content=\"index, follow, max-snippet:-1, max-image-preview:large, max-video-preview:-1\" \/>\n<link rel=\"canonical\" href=\"https:\/\/www.laicatosaveriano.it\/en\/2026\/08\/11\/ciclismo-e-sostenibilita-un-futuro-piu-verde.html\" \/>\n<meta property=\"og:locale\" content=\"en_US\" \/>\n<meta property=\"og:type\" content=\"article\" \/>\n<meta property=\"og:title\" content=\"Ciclismo e sostenibilit\u00e0: un futuro pi\u00f9 verde - Laicato Saveriano\" \/>\n<meta property=\"og:description\" content=\"Il problema che ci schiaccia Le citt\u00e0 soffocano sotto un manto di smog, il traffico \u00e8 un mostro che ingoia tempo e aria pulita. Qui entra in gioco la bicicletta, non pi\u00f9 un accessorio ma un\u2019arma contro l\u2019inquinamento. Perch\u00e9 il ciclismo \u00e8 la chiave verde Una pedalata salva pi\u00f9 di un litro di benzina. Zero...\" \/>\n<meta property=\"og:url\" content=\"https:\/\/www.laicatosaveriano.it\/en\/2026\/08\/11\/ciclismo-e-sostenibilita-un-futuro-piu-verde.html\" \/>\n<meta property=\"og:site_name\" content=\"Laicato Saveriano\" \/>\n<meta property=\"article:published_time\" content=\"2026-08-11T10:11:14+00:00\" \/>\n<meta name=\"twitter:card\" content=\"summary_large_image\" \/>\n<meta name=\"twitter:label1\" content=\"Written by\" \/>\n\t<meta name=\"twitter:data1\" content=\"\" \/>\n\t<meta name=\"twitter:label2\" content=\"Est. reading time\" \/>\n\t<meta name=\"twitter:data2\" content=\"2 minutes\" \/>\n<script type=\"application\/ld+json\" class=\"yoast-schema-graph\">{\"@context\":\"https:\/\/schema.org\",\"@graph\":[{\"@type\":\"Article\",\"@id\":\"https:\/\/www.laicatosaveriano.it\/en\/2026\/08\/11\/ciclismo-e-sostenibilita-un-futuro-piu-verde.html#article\",\"isPartOf\":{\"@id\":\"https:\/\/www.laicatosaveriano.it\/en\/2026\/08\/11\/ciclismo-e-sostenibilita-un-futuro-piu-verde.html\"},\"author\":{\"name\":\"\",\"@id\":\"\"},\"headline\":\"Ciclismo e sostenibilit\u00e0: un futuro pi\u00f9 verde\",\"datePublished\":\"2026-08-11T10:11:14+00:00\",\"mainEntityOfPage\":{\"@id\":\"https:\/\/www.laicatosaveriano.it\/en\/2026\/08\/11\/ciclismo-e-sostenibilita-un-futuro-piu-verde.html\"},\"wordCount\":340,\"publisher\":{\"@id\":\"https:\/\/www.laicatosaveriano.it\/#organization\"},\"inLanguage\":\"en-US\"},{\"@type\":\"WebPage\",\"@id\":\"https:\/\/www.laicatosaveriano.it\/en\/2026\/08\/11\/ciclismo-e-sostenibilita-un-futuro-piu-verde.html\",\"url\":\"https:\/\/www.laicatosaveriano.it\/en\/2026\/08\/11\/ciclismo-e-sostenibilita-un-futuro-piu-verde.html\",\"name\":\"Ciclismo e sostenibilit\u00e0: un futuro pi\u00f9 verde - Laicato Saveriano\",\"isPartOf\":{\"@id\":\"https:\/\/www.laicatosaveriano.it\/#website\"},\"datePublished\":\"2026-08-11T10:11:14+00:00\",\"breadcrumb\":{\"@id\":\"https:\/\/www.laicatosaveriano.it\/en\/2026\/08\/11\/ciclismo-e-sostenibilita-un-futuro-piu-verde.html#breadcrumb\"},\"inLanguage\":\"en-US\",\"potentialAction\":[{\"@type\":\"ReadAction\",\"target\":[\"https:\/\/www.laicatosaveriano.it\/en\/2026\/08\/11\/ciclismo-e-sostenibilita-un-futuro-piu-verde.html\"]}]},{\"@type\":\"BreadcrumbList\",\"@id\":\"https:\/\/www.laicatosaveriano.it\/en\/2026\/08\/11\/ciclismo-e-sostenibilita-un-futuro-piu-verde.html#breadcrumb\",\"itemListElement\":[{\"@type\":\"ListItem\",\"position\":1,\"name\":\"Home\",\"item\":\"https:\/\/www.laicatosaveriano.it\/\"},{\"@type\":\"ListItem\",\"position\":2,\"name\":\"Ciclismo e sostenibilit\u00e0: un futuro pi\u00f9 verde\"}]},{\"@type\":\"WebSite\",\"@id\":\"https:\/\/www.laicatosaveriano.it\/#website\",\"url\":\"https:\/\/www.laicatosaveriano.it\/\",\"name\":\"Laicato Saveriano\",\"description\":\"Fare del mondo una sola famiglia\",\"publisher\":{\"@id\":\"https:\/\/www.laicatosaveriano.it\/#organization\"},\"potentialAction\":[{\"@type\":\"SearchAction\",\"target\":{\"@type\":\"EntryPoint\",\"urlTemplate\":\"https:\/\/www.laicatosaveriano.it\/?s={search_term_string}\"},\"query-input\":{\"@type\":\"PropertyValueSpecification\",\"valueRequired\":true,\"valueName\":\"search_term_string\"}}],\"inLanguage\":\"en-US\"},{\"@type\":\"Organization\",\"@id\":\"https:\/\/www.laicatosaveriano.it\/#organization\",\"name\":\"Laicato Saveriano\",\"url\":\"https:\/\/www.laicatosaveriano.it\/\",\"logo\":{\"@type\":\"ImageObject\",\"inLanguage\":\"en-US\",\"@id\":\"https:\/\/www.laicatosaveriano.it\/#\/schema\/logo\/image\/\",\"url\":\"https:\/\/www.laicatosaveriano.it\/wp-content\/uploads\/2024\/11\/cropped-logocropped-logo-laicato-saveriano.jpg\",\"contentUrl\":\"https:\/\/www.laicatosaveriano.it\/wp-content\/uploads\/2024\/11\/cropped-logocropped-logo-laicato-saveriano.jpg\",\"width\":511,\"height\":511,\"caption\":\"Laicato Saveriano\"},\"image\":{\"@id\":\"https:\/\/www.laicatosaveriano.it\/#\/schema\/logo\/image\/\"}},{\"@type\":\"Person\",\"@id\":\"\",\"url\":\"https:\/\/www.laicatosaveriano.it\/en\/author\"}]}<\/script>\n<!-- \/ Yoast SEO plugin. -->","yoast_head_json":{"title":"Ciclismo e sostenibilit\u00e0: un futuro pi\u00f9 verde - Laicato Saveriano","robots":{"index":"index","follow":"follow","max-snippet":"max-snippet:-1","max-image-preview":"max-image-preview:large","max-video-preview":"max-video-preview:-1"},"canonical":"https:\/\/www.laicatosaveriano.it\/en\/2026\/08\/11\/ciclismo-e-sostenibilita-un-futuro-piu-verde.html","og_locale":"en_US","og_type":"article","og_title":"Ciclismo e sostenibilit\u00e0: un futuro pi\u00f9 verde - Laicato Saveriano","og_description":"Il problema che ci schiaccia Le citt\u00e0 soffocano sotto un manto di smog, il traffico \u00e8 un mostro che ingoia tempo e aria pulita. Qui entra in gioco la bicicletta, non pi\u00f9 un accessorio ma un\u2019arma contro l\u2019inquinamento. Perch\u00e9 il ciclismo \u00e8 la chiave verde Una pedalata salva pi\u00f9 di un litro di benzina. Zero...","og_url":"https:\/\/www.laicatosaveriano.it\/en\/2026\/08\/11\/ciclismo-e-sostenibilita-un-futuro-piu-verde.html","og_site_name":"Laicato Saveriano","article_published_time":"2026-08-11T10:11:14+00:00","twitter_card":"summary_large_image","twitter_misc":{"Written by":"","Est. reading time":"2 minutes"},"schema":{"@context":"https:\/\/schema.org","@graph":[{"@type":"Article","@id":"https:\/\/www.laicatosaveriano.it\/en\/2026\/08\/11\/ciclismo-e-sostenibilita-un-futuro-piu-verde.html#article","isPartOf":{"@id":"https:\/\/www.laicatosaveriano.it\/en\/2026\/08\/11\/ciclismo-e-sostenibilita-un-futuro-piu-verde.html"},"author":{"name":"","@id":""},"headline":"Ciclismo e sostenibilit\u00e0: un futuro pi\u00f9 verde","datePublished":"2026-08-11T10:11:14+00:00","mainEntityOfPage":{"@id":"https:\/\/www.laicatosaveriano.it\/en\/2026\/08\/11\/ciclismo-e-sostenibilita-un-futuro-piu-verde.html"},"wordCount":340,"publisher":{"@id":"https:\/\/www.laicatosaveriano.it\/#organization"},"inLanguage":"en-US"},{"@type":"WebPage","@id":"https:\/\/www.laicatosaveriano.it\/en\/2026\/08\/11\/ciclismo-e-sostenibilita-un-futuro-piu-verde.html","url":"https:\/\/www.laicatosaveriano.it\/en\/2026\/08\/11\/ciclismo-e-sostenibilita-un-futuro-piu-verde.html","name":"Ciclismo e sostenibilit\u00e0: un futuro pi\u00f9 verde - Laicato Saveriano","isPartOf":{"@id":"https:\/\/www.laicatosaveriano.it\/#website"},"datePublished":"2026-08-11T10:11:14+00:00","breadcrumb":{"@id":"https:\/\/www.laicatosaveriano.it\/en\/2026\/08\/11\/ciclismo-e-sostenibilita-un-futuro-piu-verde.html#breadcrumb"},"inLanguage":"en-US","potentialAction":[{"@type":"ReadAction","target":["https:\/\/www.laicatosaveriano.it\/en\/2026\/08\/11\/ciclismo-e-sostenibilita-un-futuro-piu-verde.html"]}]},{"@type":"BreadcrumbList","@id":"https:\/\/www.laicatosaveriano.it\/en\/2026\/08\/11\/ciclismo-e-sostenibilita-un-futuro-piu-verde.html#breadcrumb","itemListElement":[{"@type":"ListItem","position":1,"name":"Home","item":"https:\/\/www.laicatosaveriano.it\/"},{"@type":"ListItem","position":2,"name":"Ciclismo e sostenibilit\u00e0: un futuro pi\u00f9 verde"}]},{"@type":"WebSite","@id":"https:\/\/www.laicatosaveriano.it\/#website","url":"https:\/\/www.laicatosaveriano.it\/","name":"Laicato Saveriano","description":"Fare del mondo una sola famiglia","publisher":{"@id":"https:\/\/www.laicatosaveriano.it\/#organization"},"potentialAction":[{"@type":"SearchAction","target":{"@type":"EntryPoint","urlTemplate":"https:\/\/www.laicatosaveriano.it\/?s={search_term_string}"},"query-input":{"@type":"PropertyValueSpecification","valueRequired":true,"valueName":"search_term_string"}}],"inLanguage":"en-US"},{"@type":"Organization","@id":"https:\/\/www.laicatosaveriano.it\/#organization","name":"Laicato Saveriano","url":"https:\/\/www.laicatosaveriano.it\/","logo":{"@type":"ImageObject","inLanguage":"en-US","@id":"https:\/\/www.laicatosaveriano.it\/#\/schema\/logo\/image\/","url":"https:\/\/www.laicatosaveriano.it\/wp-content\/uploads\/2024\/11\/cropped-logocropped-logo-laicato-saveriano.jpg","contentUrl":"https:\/\/www.laicatosaveriano.it\/wp-content\/uploads\/2024\/11\/cropped-logocropped-logo-laicato-saveriano.jpg","width":511,"height":511,"caption":"Laicato Saveriano"},"image":{"@id":"https:\/\/www.laicatosaveriano.it\/#\/schema\/logo\/image\/"}},{"@type":"Person","@id":"","url":"https:\/\/www.laicatosaveriano.it\/en\/author"}]}},"_links":{"self":[{"href":"https:\/\/www.laicatosaveriano.it\/en\/wp-json\/wp\/v2\/posts\/26603","targetHints":{"allow":["GET"]}}],"collection":[{"href":"https:\/\/www.laicatosaveriano.it\/en\/wp-json\/wp\/v2\/posts"}],"about":[{"href":"https:\/\/www.laicatosaveriano.it\/en\/wp-json\/wp\/v2\/types\/post"}],"author":[{"embeddable":true,"href":"https:\/\/www.laicatosaveriano.it\/en\/wp-json\/wp\/v2\/users\/63"}],"replies":[{"embeddable":true,"href":"https:\/\/www.laicatosaveriano.it\/en\/wp-json\/wp\/v2\/comments?post=26603"}],"version-history":[{"count":0,"href":"https:\/\/www.laicatosaveriano.it\/en\/wp-json\/wp\/v2\/posts\/26603\/revisions"}],"wp:attachment":[{"href":"https:\/\/www.laicatosaveriano.it\/en\/wp-json\/wp\/v2\/media?parent=26603"}],"wp:term":[{"taxonomy":"category","embeddable":true,"href":"https:\/\/www.laicatosaveriano.it\/en\/wp-json\/wp\/v2\/categories?post=26603"},{"taxonomy":"post_tag","embeddable":true,"href":"https:\/\/www.laicatosaveriano.it\/en\/wp-json\/wp\/v2\/tags?post=26603"}],"curies":[{"name":"wp","href":"https:\/\/api.w.org\/{rel}","templated":true}]}}