{"id":26604,"date":"2026-08-11T10:11:14","date_gmt":"2026-08-11T10:11:14","guid":{"rendered":""},"modified":"-0001-11-30T00:00:00","modified_gmt":"-0001-11-29T22:00:00","slug":"rivivi-la-storia-del-giro-d-italia-115-anni-di-emozioni","status":"publish","type":"post","link":"https:\/\/www.laicatosaveriano.it\/en\/2026\/08\/11\/rivivi-la-storia-del-giro-d-italia-115-anni-di-emozioni.html","title":{"rendered":"Rivivi la storia del Giro d&#8217;Italia: 115 anni di emozioni"},"content":{"rendered":"<h2>Le radici di una leggenda<\/h2>\n<p>Nel 1909 il Giro nasce come risposta al desiderio di dare al pubblico italiano una corsa su ruote che potesse sfidare le Alpi. Un&#8217;idea di Ganna, un sogno di Costante, una sfida di corri. <\/p>\n<h2>Prime edizioni, sangue e sudore<\/h2>\n<p>Le prime tappe sono una guerra di ferro: strade di ghiaia, biciclette di legno, pneumatici quasi inesistenti. Il pubblico accorre in massa, i giornalisti urlano titoli, i piloti sudano pi\u00f9 del sole. Il 1909 \u00e8 solo l&#8217;inizio di una saga che non smetter\u00e0 mai di stupire. <\/p>\n<h2>Gli anni d&#8217;oro: il periodo d&#8217;oro del ciclismo<\/h2>\n<p>Gli anni &#8217;30 e &#8217;40 vedono emergere nomi che rimangono scolpiti nella memoria collettiva: Coppi, Bartali, Fausto. Questi due titani non solo gareggiano, ma scrivono poesie con le gambe, trasformando ogni salita in un duello di volont\u00e0. Qui il Giro non \u00e8 pi\u00f9 solo una gara; \u00e8 una narrazione epica, un teatro di coraggio. <\/p>\n<h2>La rivoluzione tecnologica<\/h2>\n<p>Arriva il metallo, il cambio a 10 rapporti, le ruote aerodinamiche. Gli anni &#8217;80 portano la televisione in casa di tutti, e il Giro diventa spettacolo mondiale. Il tifoso di Milano pu\u00f2 ora vedere la maglia rosa che sfreccia sui passi del Trentino, sentendo il rombo delle gomme sul asfalto. <\/p>\n<h2>Il Giro contemporaneo: globalit\u00e0 e drammaticit\u00e0<\/h2>\n<p>Oggi il Giro \u00e8 una festa di 21 tappe, una maratona di emozioni che si snoda tra citt\u00e0, montagne e coste. Ogni tappa \u00e8 una storia a s\u00e9: sprint explosivi, attacchi in salita, sprint finali che lasciano i fan senza fiato. Il 2023 ha mostrato come la strategia di squadra sia fondamentale, come il ruolo del domestico possa decidere il vincitore. <\/p>\n<h2>Il valore culturale e sociale<\/h2>\n<p>Non \u00e8 solo sport. \u00c8 identit\u00e0 italiana, \u00e8 la capacit\u00e0 di attraversare il territorio con il cuore in gola. Le strade dei vigneti, i borghi medievali, le piazze affollate: ogni chilometro racconta una parte della nostra storia. Per approfondire le curiosit\u00e0, visita <a href=\"https:\/\/ciclismoitalia.com\">ciclismoitalia.com<\/a>. <\/p>\n<h2>Il futuro: nuove sfide<\/h2>\n<p>Il Giro si prepara a espandersi: pi\u00f9 tappe in terra straniera, nuove tecnologie per la sicurezza, una maggiore attenzione all&#8217;ambiente. I giovani ciclisti gi\u00e0 sogna il podio, i fan gi\u00e0 pianificano la prossima migliaia di chilometri da percorrere in streaming. <\/p>\n<h3>Consiglio pratico<\/h3>\n<p>Iscriviti alla newsletter del tuo canale sportivo preferito, segui le dirette, e non dimenticare di acquistare il biglietto per il prossimo passaggio in zona, cos\u00ec vivi l&#8217;emozione dal vivo. <\/p>\n","protected":false},"excerpt":{"rendered":"<p>Le radici di una leggenda Nel 1909 il Giro nasce come risposta al desiderio di dare al pubblico italiano una corsa su ruote che potesse sfidare le Alpi. Un&#8217;idea di Ganna, un sogno di Costante, una sfida di corri. Prime edizioni, sangue e sudore Le prime tappe sono una guerra di ferro: strade di ghiaia,&#8230;<\/p>\n","protected":false},"author":63,"featured_media":0,"comment_status":"closed","ping_status":"closed","sticky":false,"template":"","format":"standard","meta":{"footnotes":""},"categories":[],"tags":[],"class_list":["post-26604","post","type-post","status-publish","format-standard","hentry"],"yoast_head":"<!-- This site is optimized with the Yoast SEO plugin v26.6 - https:\/\/yoast.com\/wordpress\/plugins\/seo\/ -->\n<title>Rivivi la storia del Giro d&#039;Italia: 115 anni di emozioni - Laicato Saveriano<\/title>\n<meta name=\"robots\" content=\"index, follow, max-snippet:-1, max-image-preview:large, max-video-preview:-1\" \/>\n<link rel=\"canonical\" href=\"https:\/\/www.laicatosaveriano.it\/en\/2026\/08\/11\/rivivi-la-storia-del-giro-d-italia-115-anni-di-emozioni.html\" \/>\n<meta property=\"og:locale\" content=\"en_US\" \/>\n<meta property=\"og:type\" content=\"article\" \/>\n<meta property=\"og:title\" content=\"Rivivi la storia del Giro d&#039;Italia: 115 anni di emozioni - Laicato Saveriano\" \/>\n<meta property=\"og:description\" content=\"Le radici di una leggenda Nel 1909 il Giro nasce come risposta al desiderio di dare al pubblico italiano una corsa su ruote che potesse sfidare le Alpi. Un&#8217;idea di Ganna, un sogno di Costante, una sfida di corri. Prime edizioni, sangue e sudore Le prime tappe sono una guerra di ferro: strade di ghiaia,...\" \/>\n<meta property=\"og:url\" content=\"https:\/\/www.laicatosaveriano.it\/en\/2026\/08\/11\/rivivi-la-storia-del-giro-d-italia-115-anni-di-emozioni.html\" \/>\n<meta property=\"og:site_name\" content=\"Laicato Saveriano\" \/>\n<meta property=\"article:published_time\" content=\"2026-08-11T10:11:14+00:00\" \/>\n<meta name=\"twitter:card\" content=\"summary_large_image\" \/>\n<meta name=\"twitter:label1\" content=\"Written by\" \/>\n\t<meta name=\"twitter:data1\" content=\"\" \/>\n\t<meta name=\"twitter:label2\" content=\"Est. reading time\" \/>\n\t<meta name=\"twitter:data2\" content=\"2 minutes\" \/>\n<script type=\"application\/ld+json\" class=\"yoast-schema-graph\">{\"@context\":\"https:\/\/schema.org\",\"@graph\":[{\"@type\":\"Article\",\"@id\":\"https:\/\/www.laicatosaveriano.it\/en\/2026\/08\/11\/rivivi-la-storia-del-giro-d-italia-115-anni-di-emozioni.html#article\",\"isPartOf\":{\"@id\":\"https:\/\/www.laicatosaveriano.it\/en\/2026\/08\/11\/rivivi-la-storia-del-giro-d-italia-115-anni-di-emozioni.html\"},\"author\":{\"name\":\"\",\"@id\":\"\"},\"headline\":\"Rivivi la storia del Giro d&#8217;Italia: 115 anni di emozioni\",\"datePublished\":\"2026-08-11T10:11:14+00:00\",\"mainEntityOfPage\":{\"@id\":\"https:\/\/www.laicatosaveriano.it\/en\/2026\/08\/11\/rivivi-la-storia-del-giro-d-italia-115-anni-di-emozioni.html\"},\"wordCount\":392,\"publisher\":{\"@id\":\"https:\/\/www.laicatosaveriano.it\/#organization\"},\"inLanguage\":\"en-US\"},{\"@type\":\"WebPage\",\"@id\":\"https:\/\/www.laicatosaveriano.it\/en\/2026\/08\/11\/rivivi-la-storia-del-giro-d-italia-115-anni-di-emozioni.html\",\"url\":\"https:\/\/www.laicatosaveriano.it\/en\/2026\/08\/11\/rivivi-la-storia-del-giro-d-italia-115-anni-di-emozioni.html\",\"name\":\"Rivivi la storia del Giro d'Italia: 115 anni di emozioni - Laicato Saveriano\",\"isPartOf\":{\"@id\":\"https:\/\/www.laicatosaveriano.it\/#website\"},\"datePublished\":\"2026-08-11T10:11:14+00:00\",\"breadcrumb\":{\"@id\":\"https:\/\/www.laicatosaveriano.it\/en\/2026\/08\/11\/rivivi-la-storia-del-giro-d-italia-115-anni-di-emozioni.html#breadcrumb\"},\"inLanguage\":\"en-US\",\"potentialAction\":[{\"@type\":\"ReadAction\",\"target\":[\"https:\/\/www.laicatosaveriano.it\/en\/2026\/08\/11\/rivivi-la-storia-del-giro-d-italia-115-anni-di-emozioni.html\"]}]},{\"@type\":\"BreadcrumbList\",\"@id\":\"https:\/\/www.laicatosaveriano.it\/en\/2026\/08\/11\/rivivi-la-storia-del-giro-d-italia-115-anni-di-emozioni.html#breadcrumb\",\"itemListElement\":[{\"@type\":\"ListItem\",\"position\":1,\"name\":\"Home\",\"item\":\"https:\/\/www.laicatosaveriano.it\/\"},{\"@type\":\"ListItem\",\"position\":2,\"name\":\"Rivivi la storia del Giro d&#8217;Italia: 115 anni di emozioni\"}]},{\"@type\":\"WebSite\",\"@id\":\"https:\/\/www.laicatosaveriano.it\/#website\",\"url\":\"https:\/\/www.laicatosaveriano.it\/\",\"name\":\"Laicato Saveriano\",\"description\":\"Fare del mondo una sola famiglia\",\"publisher\":{\"@id\":\"https:\/\/www.laicatosaveriano.it\/#organization\"},\"potentialAction\":[{\"@type\":\"SearchAction\",\"target\":{\"@type\":\"EntryPoint\",\"urlTemplate\":\"https:\/\/www.laicatosaveriano.it\/?s={search_term_string}\"},\"query-input\":{\"@type\":\"PropertyValueSpecification\",\"valueRequired\":true,\"valueName\":\"search_term_string\"}}],\"inLanguage\":\"en-US\"},{\"@type\":\"Organization\",\"@id\":\"https:\/\/www.laicatosaveriano.it\/#organization\",\"name\":\"Laicato Saveriano\",\"url\":\"https:\/\/www.laicatosaveriano.it\/\",\"logo\":{\"@type\":\"ImageObject\",\"inLanguage\":\"en-US\",\"@id\":\"https:\/\/www.laicatosaveriano.it\/#\/schema\/logo\/image\/\",\"url\":\"https:\/\/www.laicatosaveriano.it\/wp-content\/uploads\/2024\/11\/cropped-logocropped-logo-laicato-saveriano.jpg\",\"contentUrl\":\"https:\/\/www.laicatosaveriano.it\/wp-content\/uploads\/2024\/11\/cropped-logocropped-logo-laicato-saveriano.jpg\",\"width\":511,\"height\":511,\"caption\":\"Laicato Saveriano\"},\"image\":{\"@id\":\"https:\/\/www.laicatosaveriano.it\/#\/schema\/logo\/image\/\"}},{\"@type\":\"Person\",\"@id\":\"\",\"url\":\"https:\/\/www.laicatosaveriano.it\/en\/author\"}]}<\/script>\n<!-- \/ Yoast SEO plugin. -->","yoast_head_json":{"title":"Rivivi la storia del Giro d'Italia: 115 anni di emozioni - Laicato Saveriano","robots":{"index":"index","follow":"follow","max-snippet":"max-snippet:-1","max-image-preview":"max-image-preview:large","max-video-preview":"max-video-preview:-1"},"canonical":"https:\/\/www.laicatosaveriano.it\/en\/2026\/08\/11\/rivivi-la-storia-del-giro-d-italia-115-anni-di-emozioni.html","og_locale":"en_US","og_type":"article","og_title":"Rivivi la storia del Giro d'Italia: 115 anni di emozioni - Laicato Saveriano","og_description":"Le radici di una leggenda Nel 1909 il Giro nasce come risposta al desiderio di dare al pubblico italiano una corsa su ruote che potesse sfidare le Alpi. Un&#8217;idea di Ganna, un sogno di Costante, una sfida di corri. Prime edizioni, sangue e sudore Le prime tappe sono una guerra di ferro: strade di ghiaia,...","og_url":"https:\/\/www.laicatosaveriano.it\/en\/2026\/08\/11\/rivivi-la-storia-del-giro-d-italia-115-anni-di-emozioni.html","og_site_name":"Laicato Saveriano","article_published_time":"2026-08-11T10:11:14+00:00","twitter_card":"summary_large_image","twitter_misc":{"Written by":"","Est. reading time":"2 minutes"},"schema":{"@context":"https:\/\/schema.org","@graph":[{"@type":"Article","@id":"https:\/\/www.laicatosaveriano.it\/en\/2026\/08\/11\/rivivi-la-storia-del-giro-d-italia-115-anni-di-emozioni.html#article","isPartOf":{"@id":"https:\/\/www.laicatosaveriano.it\/en\/2026\/08\/11\/rivivi-la-storia-del-giro-d-italia-115-anni-di-emozioni.html"},"author":{"name":"","@id":""},"headline":"Rivivi la storia del Giro d&#8217;Italia: 115 anni di emozioni","datePublished":"2026-08-11T10:11:14+00:00","mainEntityOfPage":{"@id":"https:\/\/www.laicatosaveriano.it\/en\/2026\/08\/11\/rivivi-la-storia-del-giro-d-italia-115-anni-di-emozioni.html"},"wordCount":392,"publisher":{"@id":"https:\/\/www.laicatosaveriano.it\/#organization"},"inLanguage":"en-US"},{"@type":"WebPage","@id":"https:\/\/www.laicatosaveriano.it\/en\/2026\/08\/11\/rivivi-la-storia-del-giro-d-italia-115-anni-di-emozioni.html","url":"https:\/\/www.laicatosaveriano.it\/en\/2026\/08\/11\/rivivi-la-storia-del-giro-d-italia-115-anni-di-emozioni.html","name":"Rivivi la storia del Giro d'Italia: 115 anni di emozioni - Laicato Saveriano","isPartOf":{"@id":"https:\/\/www.laicatosaveriano.it\/#website"},"datePublished":"2026-08-11T10:11:14+00:00","breadcrumb":{"@id":"https:\/\/www.laicatosaveriano.it\/en\/2026\/08\/11\/rivivi-la-storia-del-giro-d-italia-115-anni-di-emozioni.html#breadcrumb"},"inLanguage":"en-US","potentialAction":[{"@type":"ReadAction","target":["https:\/\/www.laicatosaveriano.it\/en\/2026\/08\/11\/rivivi-la-storia-del-giro-d-italia-115-anni-di-emozioni.html"]}]},{"@type":"BreadcrumbList","@id":"https:\/\/www.laicatosaveriano.it\/en\/2026\/08\/11\/rivivi-la-storia-del-giro-d-italia-115-anni-di-emozioni.html#breadcrumb","itemListElement":[{"@type":"ListItem","position":1,"name":"Home","item":"https:\/\/www.laicatosaveriano.it\/"},{"@type":"ListItem","position":2,"name":"Rivivi la storia del Giro d&#8217;Italia: 115 anni di emozioni"}]},{"@type":"WebSite","@id":"https:\/\/www.laicatosaveriano.it\/#website","url":"https:\/\/www.laicatosaveriano.it\/","name":"Laicato Saveriano","description":"Fare del mondo una sola famiglia","publisher":{"@id":"https:\/\/www.laicatosaveriano.it\/#organization"},"potentialAction":[{"@type":"SearchAction","target":{"@type":"EntryPoint","urlTemplate":"https:\/\/www.laicatosaveriano.it\/?s={search_term_string}"},"query-input":{"@type":"PropertyValueSpecification","valueRequired":true,"valueName":"search_term_string"}}],"inLanguage":"en-US"},{"@type":"Organization","@id":"https:\/\/www.laicatosaveriano.it\/#organization","name":"Laicato Saveriano","url":"https:\/\/www.laicatosaveriano.it\/","logo":{"@type":"ImageObject","inLanguage":"en-US","@id":"https:\/\/www.laicatosaveriano.it\/#\/schema\/logo\/image\/","url":"https:\/\/www.laicatosaveriano.it\/wp-content\/uploads\/2024\/11\/cropped-logocropped-logo-laicato-saveriano.jpg","contentUrl":"https:\/\/www.laicatosaveriano.it\/wp-content\/uploads\/2024\/11\/cropped-logocropped-logo-laicato-saveriano.jpg","width":511,"height":511,"caption":"Laicato Saveriano"},"image":{"@id":"https:\/\/www.laicatosaveriano.it\/#\/schema\/logo\/image\/"}},{"@type":"Person","@id":"","url":"https:\/\/www.laicatosaveriano.it\/en\/author"}]}},"_links":{"self":[{"href":"https:\/\/www.laicatosaveriano.it\/en\/wp-json\/wp\/v2\/posts\/26604","targetHints":{"allow":["GET"]}}],"collection":[{"href":"https:\/\/www.laicatosaveriano.it\/en\/wp-json\/wp\/v2\/posts"}],"about":[{"href":"https:\/\/www.laicatosaveriano.it\/en\/wp-json\/wp\/v2\/types\/post"}],"author":[{"embeddable":true,"href":"https:\/\/www.laicatosaveriano.it\/en\/wp-json\/wp\/v2\/users\/63"}],"replies":[{"embeddable":true,"href":"https:\/\/www.laicatosaveriano.it\/en\/wp-json\/wp\/v2\/comments?post=26604"}],"version-history":[{"count":0,"href":"https:\/\/www.laicatosaveriano.it\/en\/wp-json\/wp\/v2\/posts\/26604\/revisions"}],"wp:attachment":[{"href":"https:\/\/www.laicatosaveriano.it\/en\/wp-json\/wp\/v2\/media?parent=26604"}],"wp:term":[{"taxonomy":"category","embeddable":true,"href":"https:\/\/www.laicatosaveriano.it\/en\/wp-json\/wp\/v2\/categories?post=26604"},{"taxonomy":"post_tag","embeddable":true,"href":"https:\/\/www.laicatosaveriano.it\/en\/wp-json\/wp\/v2\/tags?post=26604"}],"curies":[{"name":"wp","href":"https:\/\/api.w.org\/{rel}","templated":true}]}}