{"id":26639,"date":"2026-08-11T10:11:14","date_gmt":"2026-08-11T10:11:14","guid":{"rendered":""},"modified":"-0001-11-30T00:00:00","modified_gmt":"-0001-11-29T22:00:00","slug":"ciclismo-in-montagna-attrezzature-necessarie","status":"publish","type":"post","link":"https:\/\/www.laicatosaveriano.it\/en\/2026\/08\/11\/ciclismo-in-montagna-attrezzature-necessarie.html","title":{"rendered":"Ciclismo in montagna: attrezzature necessarie"},"content":{"rendered":"<h2>Il problema che ti blocca<\/h2>\n<p>La gravit\u00e0 non \u00e8 un mito, \u00e8 realt\u00e0. Salire una vetta con una bici da strada \u00e8 come indossare gli stivali da ghiaccio sul fuoco. Ecco perch\u00e9 ogni ciclista serio ha un arsenale dedicato alla montagna, non un ricordo di negozio.<\/p>\n<h2>Ruota e telaio: il cuore di metallo<\/h2>\n<p>Scelta del telaio? Scegli carbonio o alluminio, ma non legno. Un telaio troppo rigido ti far\u00e0 sentire la ruota come un martello su un chiodo. Qui entra la geometria a \u201cmountain\u201d \u2013 testa pi\u00f9 bassa, tubo superiore pi\u00f9 corto, perch\u00e9 la bici deve diventare un\u2019estensione delle tue gambe.<\/p>\n<p>Gli pneumatici, per\u00f2, sono la vera chiave. 2.3\u20112.5 pollici, tasselli a grip finissimo. Se vuoi affrontare roccia e fango, passa a una gomma con carcassa rinforzata e una larghezza di 2.6\u20112.8. La pressione? Giocala come il bilanciamento di una bicicletta su una lama di rasoio.<\/p>\n<h2>Freni: la vita o la morte<\/h2>\n<p>Dischi idraulici da 180\u2011200\u202fmm su entrambe le ruote. Non c\u2019\u00e8 spazio per il dubbio: un freno a disco \u00e8 l\u2019unica arma che ti salva quando la pendenza diventa un declino inaspettato. E ricorda, la manutenzione \u00e8 un rituale settimanale, non un optional.<\/p>\n<h2>Trasmissione: cambiare marcia senza sudare<\/h2>\n<p>Gruppi a 11\u201112 velocit\u00e0 con cambi al crank. Il rapporto deve coprire da 0.5 a 2.0, cos\u00ec riesci a scalare una parete di 30\u202f% senza stridere la catena. Cambi rapidi, ma robusti: la catena non deve saltare come un coniglio impazzito.<\/p>\n<h2>Componenti di sicurezza<\/h2>\n<p>Casco integrale, con visiera antiappannamento. Se pensi di risparmiare qui, il risultato \u00e8 una testa in fumo. Guanti rinforzati, con imbottitura gel \u2013 non un accessorio, ma un\u2019estensione delle dita. Occhiali polarizzati: la luce del sole \u00e8 come un laser, tagliano la vista.<\/p>\n<p>Pedali a sgancio rapido, con ancoraggi anti\u2011scivolo. Non usare semplici clip, altrimenti rischi di \u201cpescarti\u201d a met\u00e0 salita.<\/p>\n<h2>Equipaggiamento secondario, ma non secondario<\/h2>\n<p>Il zaino da bici: leggero, impermeabile, con tasche per bomba di energia, mappa e mini kit di riparazione. Non dimenticare i ripiani per la borraccia; la disidratazione \u00e8 una trappola silenziosa.<\/p>\n<p>Kit di riparazione: leva catena, coppa di ricambio, multi\u2011utensile. Se sei lontano dal centro, un piccolo cacciavite pu\u00f2 fare la differenza tra tornare a casa o restare nella valle.<\/p>\n<h2>Il tocco finale<\/h2>\n<p>L\u2019ultima raccomandazione \u00e8 semplice: prova l\u2019attrezzatura in una zona collinare prima della grande sfida. E qui c\u2019\u00e8 il trucco: <a href=\"https:\/\/ciclismomondiale.com\">ciclismomondiale.com<\/a> offre recensioni vere, non filtri di marketing. Aggancia tutto, regola, e parti.<\/p>\n","protected":false},"excerpt":{"rendered":"<p>Il problema che ti blocca La gravit\u00e0 non \u00e8 un mito, \u00e8 realt\u00e0. Salire una vetta con una bici da strada \u00e8 come indossare gli stivali da ghiaccio sul fuoco. Ecco perch\u00e9 ogni ciclista serio ha un arsenale dedicato alla montagna, non un ricordo di negozio. Ruota e telaio: il cuore di metallo Scelta del&#8230;<\/p>\n","protected":false},"author":63,"featured_media":0,"comment_status":"closed","ping_status":"closed","sticky":false,"template":"","format":"standard","meta":{"footnotes":""},"categories":[],"tags":[],"class_list":["post-26639","post","type-post","status-publish","format-standard","hentry"],"yoast_head":"<!-- This site is optimized with the Yoast SEO plugin v26.6 - https:\/\/yoast.com\/wordpress\/plugins\/seo\/ -->\n<title>Ciclismo in montagna: attrezzature necessarie - Laicato Saveriano<\/title>\n<meta name=\"robots\" content=\"index, follow, max-snippet:-1, max-image-preview:large, max-video-preview:-1\" \/>\n<link rel=\"canonical\" href=\"https:\/\/www.laicatosaveriano.it\/en\/2026\/08\/11\/ciclismo-in-montagna-attrezzature-necessarie.html\" \/>\n<meta property=\"og:locale\" content=\"en_US\" \/>\n<meta property=\"og:type\" content=\"article\" \/>\n<meta property=\"og:title\" content=\"Ciclismo in montagna: attrezzature necessarie - Laicato Saveriano\" \/>\n<meta property=\"og:description\" content=\"Il problema che ti blocca La gravit\u00e0 non \u00e8 un mito, \u00e8 realt\u00e0. Salire una vetta con una bici da strada \u00e8 come indossare gli stivali da ghiaccio sul fuoco. Ecco perch\u00e9 ogni ciclista serio ha un arsenale dedicato alla montagna, non un ricordo di negozio. Ruota e telaio: il cuore di metallo Scelta del...\" \/>\n<meta property=\"og:url\" content=\"https:\/\/www.laicatosaveriano.it\/en\/2026\/08\/11\/ciclismo-in-montagna-attrezzature-necessarie.html\" \/>\n<meta property=\"og:site_name\" content=\"Laicato Saveriano\" \/>\n<meta property=\"article:published_time\" content=\"2026-08-11T10:11:14+00:00\" \/>\n<meta name=\"twitter:card\" content=\"summary_large_image\" \/>\n<meta name=\"twitter:label1\" content=\"Written by\" \/>\n\t<meta name=\"twitter:data1\" content=\"\" \/>\n\t<meta name=\"twitter:label2\" content=\"Est. reading time\" \/>\n\t<meta name=\"twitter:data2\" content=\"2 minutes\" \/>\n<script type=\"application\/ld+json\" class=\"yoast-schema-graph\">{\"@context\":\"https:\/\/schema.org\",\"@graph\":[{\"@type\":\"Article\",\"@id\":\"https:\/\/www.laicatosaveriano.it\/en\/2026\/08\/11\/ciclismo-in-montagna-attrezzature-necessarie.html#article\",\"isPartOf\":{\"@id\":\"https:\/\/www.laicatosaveriano.it\/en\/2026\/08\/11\/ciclismo-in-montagna-attrezzature-necessarie.html\"},\"author\":{\"name\":\"\",\"@id\":\"\"},\"headline\":\"Ciclismo in montagna: attrezzature necessarie\",\"datePublished\":\"2026-08-11T10:11:14+00:00\",\"mainEntityOfPage\":{\"@id\":\"https:\/\/www.laicatosaveriano.it\/en\/2026\/08\/11\/ciclismo-in-montagna-attrezzature-necessarie.html\"},\"wordCount\":400,\"publisher\":{\"@id\":\"https:\/\/www.laicatosaveriano.it\/#organization\"},\"inLanguage\":\"en-US\"},{\"@type\":\"WebPage\",\"@id\":\"https:\/\/www.laicatosaveriano.it\/en\/2026\/08\/11\/ciclismo-in-montagna-attrezzature-necessarie.html\",\"url\":\"https:\/\/www.laicatosaveriano.it\/en\/2026\/08\/11\/ciclismo-in-montagna-attrezzature-necessarie.html\",\"name\":\"Ciclismo in montagna: attrezzature necessarie - Laicato Saveriano\",\"isPartOf\":{\"@id\":\"https:\/\/www.laicatosaveriano.it\/#website\"},\"datePublished\":\"2026-08-11T10:11:14+00:00\",\"breadcrumb\":{\"@id\":\"https:\/\/www.laicatosaveriano.it\/en\/2026\/08\/11\/ciclismo-in-montagna-attrezzature-necessarie.html#breadcrumb\"},\"inLanguage\":\"en-US\",\"potentialAction\":[{\"@type\":\"ReadAction\",\"target\":[\"https:\/\/www.laicatosaveriano.it\/en\/2026\/08\/11\/ciclismo-in-montagna-attrezzature-necessarie.html\"]}]},{\"@type\":\"BreadcrumbList\",\"@id\":\"https:\/\/www.laicatosaveriano.it\/en\/2026\/08\/11\/ciclismo-in-montagna-attrezzature-necessarie.html#breadcrumb\",\"itemListElement\":[{\"@type\":\"ListItem\",\"position\":1,\"name\":\"Home\",\"item\":\"https:\/\/www.laicatosaveriano.it\/\"},{\"@type\":\"ListItem\",\"position\":2,\"name\":\"Ciclismo in montagna: attrezzature necessarie\"}]},{\"@type\":\"WebSite\",\"@id\":\"https:\/\/www.laicatosaveriano.it\/#website\",\"url\":\"https:\/\/www.laicatosaveriano.it\/\",\"name\":\"Laicato Saveriano\",\"description\":\"Fare del mondo una sola famiglia\",\"publisher\":{\"@id\":\"https:\/\/www.laicatosaveriano.it\/#organization\"},\"potentialAction\":[{\"@type\":\"SearchAction\",\"target\":{\"@type\":\"EntryPoint\",\"urlTemplate\":\"https:\/\/www.laicatosaveriano.it\/?s={search_term_string}\"},\"query-input\":{\"@type\":\"PropertyValueSpecification\",\"valueRequired\":true,\"valueName\":\"search_term_string\"}}],\"inLanguage\":\"en-US\"},{\"@type\":\"Organization\",\"@id\":\"https:\/\/www.laicatosaveriano.it\/#organization\",\"name\":\"Laicato Saveriano\",\"url\":\"https:\/\/www.laicatosaveriano.it\/\",\"logo\":{\"@type\":\"ImageObject\",\"inLanguage\":\"en-US\",\"@id\":\"https:\/\/www.laicatosaveriano.it\/#\/schema\/logo\/image\/\",\"url\":\"https:\/\/www.laicatosaveriano.it\/wp-content\/uploads\/2024\/11\/cropped-logocropped-logo-laicato-saveriano.jpg\",\"contentUrl\":\"https:\/\/www.laicatosaveriano.it\/wp-content\/uploads\/2024\/11\/cropped-logocropped-logo-laicato-saveriano.jpg\",\"width\":511,\"height\":511,\"caption\":\"Laicato Saveriano\"},\"image\":{\"@id\":\"https:\/\/www.laicatosaveriano.it\/#\/schema\/logo\/image\/\"}},{\"@type\":\"Person\",\"@id\":\"\",\"url\":\"https:\/\/www.laicatosaveriano.it\/en\/author\"}]}<\/script>\n<!-- \/ Yoast SEO plugin. -->","yoast_head_json":{"title":"Ciclismo in montagna: attrezzature necessarie - Laicato Saveriano","robots":{"index":"index","follow":"follow","max-snippet":"max-snippet:-1","max-image-preview":"max-image-preview:large","max-video-preview":"max-video-preview:-1"},"canonical":"https:\/\/www.laicatosaveriano.it\/en\/2026\/08\/11\/ciclismo-in-montagna-attrezzature-necessarie.html","og_locale":"en_US","og_type":"article","og_title":"Ciclismo in montagna: attrezzature necessarie - Laicato Saveriano","og_description":"Il problema che ti blocca La gravit\u00e0 non \u00e8 un mito, \u00e8 realt\u00e0. Salire una vetta con una bici da strada \u00e8 come indossare gli stivali da ghiaccio sul fuoco. Ecco perch\u00e9 ogni ciclista serio ha un arsenale dedicato alla montagna, non un ricordo di negozio. Ruota e telaio: il cuore di metallo Scelta del...","og_url":"https:\/\/www.laicatosaveriano.it\/en\/2026\/08\/11\/ciclismo-in-montagna-attrezzature-necessarie.html","og_site_name":"Laicato Saveriano","article_published_time":"2026-08-11T10:11:14+00:00","twitter_card":"summary_large_image","twitter_misc":{"Written by":"","Est. reading time":"2 minutes"},"schema":{"@context":"https:\/\/schema.org","@graph":[{"@type":"Article","@id":"https:\/\/www.laicatosaveriano.it\/en\/2026\/08\/11\/ciclismo-in-montagna-attrezzature-necessarie.html#article","isPartOf":{"@id":"https:\/\/www.laicatosaveriano.it\/en\/2026\/08\/11\/ciclismo-in-montagna-attrezzature-necessarie.html"},"author":{"name":"","@id":""},"headline":"Ciclismo in montagna: attrezzature necessarie","datePublished":"2026-08-11T10:11:14+00:00","mainEntityOfPage":{"@id":"https:\/\/www.laicatosaveriano.it\/en\/2026\/08\/11\/ciclismo-in-montagna-attrezzature-necessarie.html"},"wordCount":400,"publisher":{"@id":"https:\/\/www.laicatosaveriano.it\/#organization"},"inLanguage":"en-US"},{"@type":"WebPage","@id":"https:\/\/www.laicatosaveriano.it\/en\/2026\/08\/11\/ciclismo-in-montagna-attrezzature-necessarie.html","url":"https:\/\/www.laicatosaveriano.it\/en\/2026\/08\/11\/ciclismo-in-montagna-attrezzature-necessarie.html","name":"Ciclismo in montagna: attrezzature necessarie - Laicato Saveriano","isPartOf":{"@id":"https:\/\/www.laicatosaveriano.it\/#website"},"datePublished":"2026-08-11T10:11:14+00:00","breadcrumb":{"@id":"https:\/\/www.laicatosaveriano.it\/en\/2026\/08\/11\/ciclismo-in-montagna-attrezzature-necessarie.html#breadcrumb"},"inLanguage":"en-US","potentialAction":[{"@type":"ReadAction","target":["https:\/\/www.laicatosaveriano.it\/en\/2026\/08\/11\/ciclismo-in-montagna-attrezzature-necessarie.html"]}]},{"@type":"BreadcrumbList","@id":"https:\/\/www.laicatosaveriano.it\/en\/2026\/08\/11\/ciclismo-in-montagna-attrezzature-necessarie.html#breadcrumb","itemListElement":[{"@type":"ListItem","position":1,"name":"Home","item":"https:\/\/www.laicatosaveriano.it\/"},{"@type":"ListItem","position":2,"name":"Ciclismo in montagna: attrezzature necessarie"}]},{"@type":"WebSite","@id":"https:\/\/www.laicatosaveriano.it\/#website","url":"https:\/\/www.laicatosaveriano.it\/","name":"Laicato Saveriano","description":"Fare del mondo una sola famiglia","publisher":{"@id":"https:\/\/www.laicatosaveriano.it\/#organization"},"potentialAction":[{"@type":"SearchAction","target":{"@type":"EntryPoint","urlTemplate":"https:\/\/www.laicatosaveriano.it\/?s={search_term_string}"},"query-input":{"@type":"PropertyValueSpecification","valueRequired":true,"valueName":"search_term_string"}}],"inLanguage":"en-US"},{"@type":"Organization","@id":"https:\/\/www.laicatosaveriano.it\/#organization","name":"Laicato Saveriano","url":"https:\/\/www.laicatosaveriano.it\/","logo":{"@type":"ImageObject","inLanguage":"en-US","@id":"https:\/\/www.laicatosaveriano.it\/#\/schema\/logo\/image\/","url":"https:\/\/www.laicatosaveriano.it\/wp-content\/uploads\/2024\/11\/cropped-logocropped-logo-laicato-saveriano.jpg","contentUrl":"https:\/\/www.laicatosaveriano.it\/wp-content\/uploads\/2024\/11\/cropped-logocropped-logo-laicato-saveriano.jpg","width":511,"height":511,"caption":"Laicato Saveriano"},"image":{"@id":"https:\/\/www.laicatosaveriano.it\/#\/schema\/logo\/image\/"}},{"@type":"Person","@id":"","url":"https:\/\/www.laicatosaveriano.it\/en\/author"}]}},"_links":{"self":[{"href":"https:\/\/www.laicatosaveriano.it\/en\/wp-json\/wp\/v2\/posts\/26639","targetHints":{"allow":["GET"]}}],"collection":[{"href":"https:\/\/www.laicatosaveriano.it\/en\/wp-json\/wp\/v2\/posts"}],"about":[{"href":"https:\/\/www.laicatosaveriano.it\/en\/wp-json\/wp\/v2\/types\/post"}],"author":[{"embeddable":true,"href":"https:\/\/www.laicatosaveriano.it\/en\/wp-json\/wp\/v2\/users\/63"}],"replies":[{"embeddable":true,"href":"https:\/\/www.laicatosaveriano.it\/en\/wp-json\/wp\/v2\/comments?post=26639"}],"version-history":[{"count":0,"href":"https:\/\/www.laicatosaveriano.it\/en\/wp-json\/wp\/v2\/posts\/26639\/revisions"}],"wp:attachment":[{"href":"https:\/\/www.laicatosaveriano.it\/en\/wp-json\/wp\/v2\/media?parent=26639"}],"wp:term":[{"taxonomy":"category","embeddable":true,"href":"https:\/\/www.laicatosaveriano.it\/en\/wp-json\/wp\/v2\/categories?post=26639"},{"taxonomy":"post_tag","embeddable":true,"href":"https:\/\/www.laicatosaveriano.it\/en\/wp-json\/wp\/v2\/tags?post=26639"}],"curies":[{"name":"wp","href":"https:\/\/api.w.org\/{rel}","templated":true}]}}