{"id":379,"date":"2023-11-05T11:45:16","date_gmt":"2023-11-05T10:45:16","guid":{"rendered":"http:\/\/www.laicatosaveriano.it\/?p=379"},"modified":"2024-11-23T16:17:47","modified_gmt":"2024-11-23T15:17:47","slug":"i-laici-saveriani-in-breve-intervista","status":"publish","type":"post","link":"https:\/\/www.laicatosaveriano.it\/en\/2023\/11\/05\/i-laici-saveriani-in-breve-intervista.html","title":{"rendered":"I Laici saveriani in breve ( intervista)"},"content":{"rendered":"<p><\/p>\n<ol>\n<li>\u00a0 \u00a0 \u00a0\u00a0Quanti anni fa ha cominciato i gruppi del laicato saveriani?<\/li>\n<\/ol>\n<p>La storia del laicato in Italia \u00e8 cominciata agi inizi degli anni 90\u2019<\/p>\n<ol start=\"2\">\n<li>\u00a0 \u00a0 \u00a0Come comincia la formazione del gruppo del laicato saveriano?<\/li>\n<\/ol>\n<p>La Provincia italiana dei Padri saveriani rifletteva sulla presenza di molti giovani\u00a0 che per anni avevano partecipato ai gruppi nelle case saveriane e che ormai adulti volevano continuare a vivere la spiritualit\u00e0 di San Guido Conforti. Radunarono\u00a0 in un\u2019esperienza estiva di vita comunitaria un gruppo di adulti che cominci\u00f2 a riflettere sulla possibilit\u00e0 di dare vita al laicato.<\/p>\n<ol start=\"3\">\n<li>\u00a0 \u00a0 \u00a0Quali sono i requisiti per diventare un laico saveriano?<\/li>\n<\/ol>\n<p>Per diventare laici\u00a0 \u00e8 necessario far parte di un gruppo che\u00a0 fa un percorso di formazione e si attiva nel realizzare l\u2019animazione missionaria con i padri della Casa locale.\u00a0 Ma ci\u00f2 che conta \u00e8 che si riconosco nel carisma di San Guido Conforti e lo vivano\u00a0 in maniera laicale, vivendo il suo battesimo nella vita quotidiana\u00a0 in Italia o andando in missione. Ci\u00f2 che conta \u00e8 avere la missione nel cuore anche se alcuni riescono a partire e altri no<\/p>\n<ol start=\"4\">\n<li>\u00a0 \u00a0 \u00a0C\u00b4e un segno che accompagni diventare un laico saveriano?<\/li>\n<\/ol>\n<p>S\u00ec.\u00a0 Durante la convivenza estiva (un\u2019esperienza alla quale partecipano tutti laici e che dura una settimana) chi ha vissuto con impegno l\u2019anno pastorale che si sta\u00a0 concludendo firma il proprio impegno in un libro di adesione al laicato e se vuole pu\u00f2 esprimere pubblicamente le motivazioni \u00a0della sua scelta.<\/p>\n<ol start=\"5\">\n<li>\u00a0 \u00a0 \u00a0Che cosa fanno nel presente i laici saveriani?<\/li>\n<\/ol>\n<p>Affiancano i padri nell\u2019animazione missionaria nelle parrocchie, nei gruppi presenti nelle case saveriane e in altre manifestazioni missionarie sul territorio. Hanno aperto progetti di missione con la presenza di laici nella Repubblica Democratica del Congo, in Brasile e prossimamente in Bangladesh. Dal 2004 una coppia di laici saveriani vive, insieme ad altre persone fra cui una giovane donna mussulmana, in una piccola comunit\u00e0 a Parma, definita \u201cFraternit\u00e0 missionaria,\u201d In Fraternit\u00e0 si vive in modo semplice: la preghiera, il lavoro, uno stile di vita semplice, l&#8217;accoglienza di persone in difficolt\u00e0, caratterizzano questo luogo che vuole essere soprattutto un piccolo segno in cui la dimensione della vita comunitaria e la condivisione con chi fa fatica a vivere, sono gli elementi fondamentali per cercare di vivere lo stile di famiglia in Cristo.<\/p>\n<ol start=\"6\">\n<li>\u00a0 \u00a0 \u00a0C\u2019 \u00e9 un legame tra i diversi gruppi nella Italia?<\/li>\n<\/ol>\n<p>S\u00ec perch\u00e9 ci si incontra due volte all\u2019anno in convivenze (una estiva e l\u2019altra invernale), c\u2019\u00e8 un piccolo giornale interno intitolato Agenda dove ogni gruppo si racconta ed inviato on line anche agli amici del laicato. Ci piacerebbe inviarlo anche ai gruppi di laici che vivono fuori dall\u2019Italia.<\/p>\n<ol start=\"7\">\n<li>\u00a0 \u00a0 \u00a0C\u00b4e qualche attivit\u00e0 che realizzano insieme, convegni, assemblee?<\/li>\n<\/ol>\n<p>S\u00ec. Oltre le convivenze , il laicato \u00e8 organizzato come una ONLUS per consentire di organizzare progetti in missione e iniziative in Italia. Ci riuniamo in assemblea per decidere sulle linee generali poi si demanda al\u00a0 Consiglio, formato da sei laici dei quali uno funge da presidente,\u00a0 di organizzare il lavoro e riflettere sugli impegni presi.\u00a0 I consiglieri provengono dai diversi gruppi presenti in Italia e viene eletto ogni tre anni in Assemblea.<\/p>\n<p>&nbsp;<\/p>\n<ol start=\"8\">\n<li>\u00a0 \u00a0 \u00a0Avete dei laici che lavorano fuori dall\u2019 Italia ?<\/li>\n<\/ol>\n<p>Abbiamo avuto laici presenti in missione. Attualmente una coppia si sta preparando per vivere un anno in Bangladesh.<\/p>\n<p>&nbsp;<\/p>\n<ol start=\"9\">\n<li>\u00a0 \u00a0 \u00a0Quali sono le difficolt\u00e0 che avete sperimentato nel passato?<\/li>\n<\/ol>\n<p>Il cammino iniziale non \u00e8 stato facile, abbiamo dovuto capire come incarnare il messaggio del Conforti in maniera laica, come relazionarci con i padri per crescere nella corresponsabilit\u00e0 delle azioni e degli intenti. Al principio \u00e8 stato pure faticoso intendersi ed accogliersi tra i gruppi, che vivendo a distanza avevano abitudini e mentalit\u00e0 diverse. La conoscenza\u00a0 e la preghiera ci ha permesso di superare molti ostacoli.<\/p>","protected":false},"excerpt":{"rendered":"<p>\u00a0 \u00a0 \u00a0\u00a0Quanti anni fa ha cominciato i gruppi del laicato saveriani? La storia del laicato in Italia \u00e8 cominciata agi inizi degli anni 90\u2019 \u00a0 \u00a0 \u00a0Come comincia la formazione del gruppo del laicato saveriano? La Provincia italiana dei Padri saveriani rifletteva sulla presenza di molti giovani\u00a0 che per anni avevano partecipato ai gruppi&#8230;<\/p>\n","protected":false},"author":1,"featured_media":0,"comment_status":"open","ping_status":"closed","sticky":false,"template":"","format":"standard","meta":{"footnotes":""},"categories":[62],"tags":[],"class_list":["post-379","post","type-post","status-publish","format-standard","hentry","category-laicato-sx"],"yoast_head":"<!-- This site is optimized with the Yoast SEO plugin v26.6 - https:\/\/yoast.com\/wordpress\/plugins\/seo\/ -->\n<title>I Laici saveriani in breve ( intervista) - Laicato Saveriano<\/title>\n<meta name=\"robots\" content=\"index, follow, max-snippet:-1, max-image-preview:large, max-video-preview:-1\" \/>\n<link rel=\"canonical\" href=\"https:\/\/www.laicatosaveriano.it\/2023\/11\/05\/i-laici-saveriani-in-breve-intervista.html\" \/>\n<meta property=\"og:locale\" content=\"en_US\" \/>\n<meta property=\"og:type\" content=\"article\" \/>\n<meta property=\"og:title\" content=\"I Laici saveriani in breve ( intervista) - Laicato Saveriano\" \/>\n<meta property=\"og:description\" content=\"\u00a0 \u00a0 \u00a0\u00a0Quanti anni fa ha cominciato i gruppi del laicato saveriani? La storia del laicato in Italia \u00e8 cominciata agi inizi degli anni 90\u2019 \u00a0 \u00a0 \u00a0Come comincia la formazione del gruppo del laicato saveriano? La Provincia italiana dei Padri saveriani rifletteva sulla presenza di molti giovani\u00a0 che per anni avevano partecipato ai gruppi...\" \/>\n<meta property=\"og:url\" content=\"https:\/\/www.laicatosaveriano.it\/2023\/11\/05\/i-laici-saveriani-in-breve-intervista.html\" \/>\n<meta property=\"og:site_name\" content=\"Laicato Saveriano\" \/>\n<meta property=\"article:published_time\" content=\"2023-11-05T10:45:16+00:00\" \/>\n<meta property=\"article:modified_time\" content=\"2024-11-23T15:17:47+00:00\" \/>\n<meta name=\"author\" content=\"admin_laicatosaveriano\" \/>\n<meta name=\"twitter:card\" content=\"summary_large_image\" \/>\n<meta name=\"twitter:label1\" content=\"Written by\" \/>\n\t<meta name=\"twitter:data1\" content=\"admin_laicatosaveriano\" \/>\n\t<meta name=\"twitter:label2\" content=\"Est. reading time\" \/>\n\t<meta name=\"twitter:data2\" content=\"9 minutes\" \/>\n<script type=\"application\/ld+json\" class=\"yoast-schema-graph\">{\"@context\":\"https:\/\/schema.org\",\"@graph\":[{\"@type\":\"Article\",\"@id\":\"https:\/\/www.laicatosaveriano.it\/2023\/11\/05\/i-laici-saveriani-in-breve-intervista.html#article\",\"isPartOf\":{\"@id\":\"https:\/\/www.laicatosaveriano.it\/2023\/11\/05\/i-laici-saveriani-in-breve-intervista.html\"},\"author\":{\"name\":\"admin_laicatosaveriano\",\"@id\":\"https:\/\/www.laicatosaveriano.it\/#\/schema\/person\/e1011cb64a53b36489146e266a9f5200\"},\"headline\":\"I Laici saveriani in breve ( intervista)\",\"datePublished\":\"2023-11-05T10:45:16+00:00\",\"dateModified\":\"2024-11-23T15:17:47+00:00\",\"mainEntityOfPage\":{\"@id\":\"https:\/\/www.laicatosaveriano.it\/2023\/11\/05\/i-laici-saveriani-in-breve-intervista.html\"},\"wordCount\":1854,\"commentCount\":0,\"publisher\":{\"@id\":\"https:\/\/www.laicatosaveriano.it\/#organization\"},\"articleSection\":[\"Lsx\"],\"inLanguage\":\"en-US\",\"potentialAction\":[{\"@type\":\"CommentAction\",\"name\":\"Comment\",\"target\":[\"https:\/\/www.laicatosaveriano.it\/2023\/11\/05\/i-laici-saveriani-in-breve-intervista.html#respond\"]}]},{\"@type\":\"WebPage\",\"@id\":\"https:\/\/www.laicatosaveriano.it\/2023\/11\/05\/i-laici-saveriani-in-breve-intervista.html\",\"url\":\"https:\/\/www.laicatosaveriano.it\/2023\/11\/05\/i-laici-saveriani-in-breve-intervista.html\",\"name\":\"I Laici saveriani in breve ( intervista) - Laicato Saveriano\",\"isPartOf\":{\"@id\":\"https:\/\/www.laicatosaveriano.it\/#website\"},\"datePublished\":\"2023-11-05T10:45:16+00:00\",\"dateModified\":\"2024-11-23T15:17:47+00:00\",\"breadcrumb\":{\"@id\":\"https:\/\/www.laicatosaveriano.it\/2023\/11\/05\/i-laici-saveriani-in-breve-intervista.html#breadcrumb\"},\"inLanguage\":\"en-US\",\"potentialAction\":[{\"@type\":\"ReadAction\",\"target\":[\"https:\/\/www.laicatosaveriano.it\/2023\/11\/05\/i-laici-saveriani-in-breve-intervista.html\"]}]},{\"@type\":\"BreadcrumbList\",\"@id\":\"https:\/\/www.laicatosaveriano.it\/2023\/11\/05\/i-laici-saveriani-in-breve-intervista.html#breadcrumb\",\"itemListElement\":[{\"@type\":\"ListItem\",\"position\":1,\"name\":\"Home\",\"item\":\"https:\/\/www.laicatosaveriano.it\/\"},{\"@type\":\"ListItem\",\"position\":2,\"name\":\"I Laici saveriani in breve ( intervista)\"}]},{\"@type\":\"WebSite\",\"@id\":\"https:\/\/www.laicatosaveriano.it\/#website\",\"url\":\"https:\/\/www.laicatosaveriano.it\/\",\"name\":\"Laicato Saveriano\",\"description\":\"Fare del mondo una sola famiglia\",\"publisher\":{\"@id\":\"https:\/\/www.laicatosaveriano.it\/#organization\"},\"potentialAction\":[{\"@type\":\"SearchAction\",\"target\":{\"@type\":\"EntryPoint\",\"urlTemplate\":\"https:\/\/www.laicatosaveriano.it\/?s={search_term_string}\"},\"query-input\":{\"@type\":\"PropertyValueSpecification\",\"valueRequired\":true,\"valueName\":\"search_term_string\"}}],\"inLanguage\":\"en-US\"},{\"@type\":\"Organization\",\"@id\":\"https:\/\/www.laicatosaveriano.it\/#organization\",\"name\":\"Laicato Saveriano\",\"url\":\"https:\/\/www.laicatosaveriano.it\/\",\"logo\":{\"@type\":\"ImageObject\",\"inLanguage\":\"en-US\",\"@id\":\"https:\/\/www.laicatosaveriano.it\/#\/schema\/logo\/image\/\",\"url\":\"https:\/\/www.laicatosaveriano.it\/wp-content\/uploads\/2024\/11\/cropped-logocropped-logo-laicato-saveriano.jpg\",\"contentUrl\":\"https:\/\/www.laicatosaveriano.it\/wp-content\/uploads\/2024\/11\/cropped-logocropped-logo-laicato-saveriano.jpg\",\"width\":511,\"height\":511,\"caption\":\"Laicato Saveriano\"},\"image\":{\"@id\":\"https:\/\/www.laicatosaveriano.it\/#\/schema\/logo\/image\/\"}},{\"@type\":\"Person\",\"@id\":\"https:\/\/www.laicatosaveriano.it\/#\/schema\/person\/e1011cb64a53b36489146e266a9f5200\",\"name\":\"admin_laicatosaveriano\",\"image\":{\"@type\":\"ImageObject\",\"inLanguage\":\"en-US\",\"@id\":\"https:\/\/www.laicatosaveriano.it\/#\/schema\/person\/image\/\",\"url\":\"https:\/\/secure.gravatar.com\/avatar\/1f06725129948f57ba750d499bfdaf29c366e278c22cfac86d43bcdb7fe06eb0?s=96&d=mm&r=g\",\"contentUrl\":\"https:\/\/secure.gravatar.com\/avatar\/1f06725129948f57ba750d499bfdaf29c366e278c22cfac86d43bcdb7fe06eb0?s=96&d=mm&r=g\",\"caption\":\"admin_laicatosaveriano\"},\"url\":\"https:\/\/www.laicatosaveriano.it\/en\/author\/admin_laicatosaveriano\"}]}<\/script>\n<!-- \/ Yoast SEO plugin. -->","yoast_head_json":{"title":"I Laici saveriani in breve ( intervista) - Laicato Saveriano","robots":{"index":"index","follow":"follow","max-snippet":"max-snippet:-1","max-image-preview":"max-image-preview:large","max-video-preview":"max-video-preview:-1"},"canonical":"https:\/\/www.laicatosaveriano.it\/2023\/11\/05\/i-laici-saveriani-in-breve-intervista.html","og_locale":"en_US","og_type":"article","og_title":"I Laici saveriani in breve ( intervista) - Laicato Saveriano","og_description":"\u00a0 \u00a0 \u00a0\u00a0Quanti anni fa ha cominciato i gruppi del laicato saveriani? La storia del laicato in Italia \u00e8 cominciata agi inizi degli anni 90\u2019 \u00a0 \u00a0 \u00a0Come comincia la formazione del gruppo del laicato saveriano? La Provincia italiana dei Padri saveriani rifletteva sulla presenza di molti giovani\u00a0 che per anni avevano partecipato ai gruppi...","og_url":"https:\/\/www.laicatosaveriano.it\/2023\/11\/05\/i-laici-saveriani-in-breve-intervista.html","og_site_name":"Laicato Saveriano","article_published_time":"2023-11-05T10:45:16+00:00","article_modified_time":"2024-11-23T15:17:47+00:00","author":"admin_laicatosaveriano","twitter_card":"summary_large_image","twitter_misc":{"Written by":"admin_laicatosaveriano","Est. reading time":"9 minutes"},"schema":{"@context":"https:\/\/schema.org","@graph":[{"@type":"Article","@id":"https:\/\/www.laicatosaveriano.it\/2023\/11\/05\/i-laici-saveriani-in-breve-intervista.html#article","isPartOf":{"@id":"https:\/\/www.laicatosaveriano.it\/2023\/11\/05\/i-laici-saveriani-in-breve-intervista.html"},"author":{"name":"admin_laicatosaveriano","@id":"https:\/\/www.laicatosaveriano.it\/#\/schema\/person\/e1011cb64a53b36489146e266a9f5200"},"headline":"I Laici saveriani in breve ( intervista)","datePublished":"2023-11-05T10:45:16+00:00","dateModified":"2024-11-23T15:17:47+00:00","mainEntityOfPage":{"@id":"https:\/\/www.laicatosaveriano.it\/2023\/11\/05\/i-laici-saveriani-in-breve-intervista.html"},"wordCount":1854,"commentCount":0,"publisher":{"@id":"https:\/\/www.laicatosaveriano.it\/#organization"},"articleSection":["Lsx"],"inLanguage":"en-US","potentialAction":[{"@type":"CommentAction","name":"Comment","target":["https:\/\/www.laicatosaveriano.it\/2023\/11\/05\/i-laici-saveriani-in-breve-intervista.html#respond"]}]},{"@type":"WebPage","@id":"https:\/\/www.laicatosaveriano.it\/2023\/11\/05\/i-laici-saveriani-in-breve-intervista.html","url":"https:\/\/www.laicatosaveriano.it\/2023\/11\/05\/i-laici-saveriani-in-breve-intervista.html","name":"I Laici saveriani in breve ( intervista) - Laicato Saveriano","isPartOf":{"@id":"https:\/\/www.laicatosaveriano.it\/#website"},"datePublished":"2023-11-05T10:45:16+00:00","dateModified":"2024-11-23T15:17:47+00:00","breadcrumb":{"@id":"https:\/\/www.laicatosaveriano.it\/2023\/11\/05\/i-laici-saveriani-in-breve-intervista.html#breadcrumb"},"inLanguage":"en-US","potentialAction":[{"@type":"ReadAction","target":["https:\/\/www.laicatosaveriano.it\/2023\/11\/05\/i-laici-saveriani-in-breve-intervista.html"]}]},{"@type":"BreadcrumbList","@id":"https:\/\/www.laicatosaveriano.it\/2023\/11\/05\/i-laici-saveriani-in-breve-intervista.html#breadcrumb","itemListElement":[{"@type":"ListItem","position":1,"name":"Home","item":"https:\/\/www.laicatosaveriano.it\/"},{"@type":"ListItem","position":2,"name":"I Laici saveriani in breve ( intervista)"}]},{"@type":"WebSite","@id":"https:\/\/www.laicatosaveriano.it\/#website","url":"https:\/\/www.laicatosaveriano.it\/","name":"Laicato Saveriano","description":"Fare del mondo una sola famiglia","publisher":{"@id":"https:\/\/www.laicatosaveriano.it\/#organization"},"potentialAction":[{"@type":"SearchAction","target":{"@type":"EntryPoint","urlTemplate":"https:\/\/www.laicatosaveriano.it\/?s={search_term_string}"},"query-input":{"@type":"PropertyValueSpecification","valueRequired":true,"valueName":"search_term_string"}}],"inLanguage":"en-US"},{"@type":"Organization","@id":"https:\/\/www.laicatosaveriano.it\/#organization","name":"Laicato Saveriano","url":"https:\/\/www.laicatosaveriano.it\/","logo":{"@type":"ImageObject","inLanguage":"en-US","@id":"https:\/\/www.laicatosaveriano.it\/#\/schema\/logo\/image\/","url":"https:\/\/www.laicatosaveriano.it\/wp-content\/uploads\/2024\/11\/cropped-logocropped-logo-laicato-saveriano.jpg","contentUrl":"https:\/\/www.laicatosaveriano.it\/wp-content\/uploads\/2024\/11\/cropped-logocropped-logo-laicato-saveriano.jpg","width":511,"height":511,"caption":"Laicato Saveriano"},"image":{"@id":"https:\/\/www.laicatosaveriano.it\/#\/schema\/logo\/image\/"}},{"@type":"Person","@id":"https:\/\/www.laicatosaveriano.it\/#\/schema\/person\/e1011cb64a53b36489146e266a9f5200","name":"admin_laicatosaveriano","image":{"@type":"ImageObject","inLanguage":"en-US","@id":"https:\/\/www.laicatosaveriano.it\/#\/schema\/person\/image\/","url":"https:\/\/secure.gravatar.com\/avatar\/1f06725129948f57ba750d499bfdaf29c366e278c22cfac86d43bcdb7fe06eb0?s=96&d=mm&r=g","contentUrl":"https:\/\/secure.gravatar.com\/avatar\/1f06725129948f57ba750d499bfdaf29c366e278c22cfac86d43bcdb7fe06eb0?s=96&d=mm&r=g","caption":"admin_laicatosaveriano"},"url":"https:\/\/www.laicatosaveriano.it\/en\/author\/admin_laicatosaveriano"}]}},"_links":{"self":[{"href":"https:\/\/www.laicatosaveriano.it\/en\/wp-json\/wp\/v2\/posts\/379","targetHints":{"allow":["GET"]}}],"collection":[{"href":"https:\/\/www.laicatosaveriano.it\/en\/wp-json\/wp\/v2\/posts"}],"about":[{"href":"https:\/\/www.laicatosaveriano.it\/en\/wp-json\/wp\/v2\/types\/post"}],"author":[{"embeddable":true,"href":"https:\/\/www.laicatosaveriano.it\/en\/wp-json\/wp\/v2\/users\/1"}],"replies":[{"embeddable":true,"href":"https:\/\/www.laicatosaveriano.it\/en\/wp-json\/wp\/v2\/comments?post=379"}],"version-history":[{"count":1,"href":"https:\/\/www.laicatosaveriano.it\/en\/wp-json\/wp\/v2\/posts\/379\/revisions"}],"predecessor-version":[{"id":23239,"href":"https:\/\/www.laicatosaveriano.it\/en\/wp-json\/wp\/v2\/posts\/379\/revisions\/23239"}],"wp:attachment":[{"href":"https:\/\/www.laicatosaveriano.it\/en\/wp-json\/wp\/v2\/media?parent=379"}],"wp:term":[{"taxonomy":"category","embeddable":true,"href":"https:\/\/www.laicatosaveriano.it\/en\/wp-json\/wp\/v2\/categories?post=379"},{"taxonomy":"post_tag","embeddable":true,"href":"https:\/\/www.laicatosaveriano.it\/en\/wp-json\/wp\/v2\/tags?post=379"}],"curies":[{"name":"wp","href":"https:\/\/api.w.org\/{rel}","templated":true}]}}