{"id":490,"date":"2023-11-08T11:45:14","date_gmt":"2023-11-08T10:45:14","guid":{"rendered":"http:\/\/www.laicatosaveriano.it\/?p=490"},"modified":"2024-11-23T16:15:51","modified_gmt":"2024-11-23T15:15:51","slug":"il-laicato-saveriano-del-brasile-del-sud-visto-dagli-occhi-di-uno-studente-saveriano","status":"publish","type":"post","link":"https:\/\/www.laicatosaveriano.it\/en\/2023\/11\/08\/il-laicato-saveriano-del-brasile-del-sud-visto-dagli-occhi-di-uno-studente-saveriano.html","title":{"rendered":"Il Laicato Saveriano del Brasile del sud visto dagli occhi di uno studente saveriano"},"content":{"rendered":"<p style=\"text-align: justify;\">Carlos Eduardo Dos Santos Amorim, per gli amici Cad\u00f9, \u00e8 uno studente saveriano di 28 anni arrivato a Parma da Teresina lo scorso settembre e che abbiamo avuto modo di conoscere durante la convivenza invernale a Monticelli. Cad\u00f9 conosce i saveriani dal 2008, ma ha fatto il suo ingresso in famiglia a Curitiba nel 2010 e il noviziato a S\u00e3o Paulo e Hortol\u00e2ndia. Da quando ha saputo dell&#8217;esistenza del laicato saveriano in Italia, Cad\u00f9 non ha fatto altro che chiedermi di poterci conoscere e di poter partecipare a qualche nostro incontro con un entusiasmo che mi ha lasciato quasi senza parole; ho scoperto, poi, che questo entusiasmo era dovuto alla sua conoscenza del laicato saveriano in Brasile. Gli abbiamo fatto alcune domande per raccontarci un po\u2019 di lui e del suo rapporto con il laicato. 1) Come hai conosciuto i laici saveriani in Brasile e come sono organizzati? Ho conosciuto i laici a Curitiba perch\u00e9 in Brasile il laicato \u00e8 molto vicino agli studenti soprattutto nell&#8217;animazione missionaria.<\/p>\n<p style=\"text-align: justify;\"><a href=\"http:\/\/www.laicatosaveriano.it\/wp-content\/uploads\/2016\/05\/Cattura.jpg\"><img loading=\"lazy\" decoding=\"async\" class=\"aligncenter wp-image-491 size-full\" src=\"http:\/\/www.laicatosaveriano.it\/wp-content\/uploads\/2016\/05\/Cattura.jpg\" alt=\"Cattura\" width=\"396\" height=\"649\" srcset=\"https:\/\/www.laicatosaveriano.it\/wp-content\/uploads\/2016\/05\/Cattura.jpg 396w, https:\/\/www.laicatosaveriano.it\/wp-content\/uploads\/2016\/05\/Cattura-183x300.jpg 183w\" sizes=\"auto, (max-width: 396px) 100vw, 396px\" \/><\/a><\/p>\n<p style=\"text-align: justify;\">Sebbene a Curitiba ci sia soltanto la Filosofia e quindi non ci sono tantissimi impegni, si lavora comunque insieme ai laici e la Pastorale, la Pastorale missionaria, si fa insieme. Durante il noviziato fatto ad Hortolandia, invece, il laicato era pi\u00f9 vicino rispetto alla filosofia. Questo avviene nel Sud del Brasile, mentre al nord \u2013 continua Cad\u00f9 &#8211; c&#8217;\u00e8 un gruppo di laici, che assomiglia di pi\u00f9 al GAMS\u2026 Personalmente sono molto legato al laicato saveriano in Brasile e infatti ho partecipato a diverse assemblee dei laici e anche ad una loro convivenza. Il laicato in Brasile sud \u00e8 nato pi\u00f9 o meno sei\/sette anni fa e oggi \u00e8 presente nelle regioni di S\u00e3o Paulo, nello stato del Paran\u00e0 e di Minas Gerais. Esiste un coordinamento dei laici con nove membri eletti durante l&#8217;assemblea. Anche i singoli gruppi, che sono 14, hanno un loro coordinamento e generalmente un rappresentante per ciascuno di questi gruppi partecipa anche al coordinamento generale di modo che si possa avere un maggior numero di rappresentanti dei vari gruppi. I laici del Brasile del Sud cercano di portare avanti dei progetti e fare delle esperienze missionarie dal Nord al Sud del paese. Ogni gruppo fa il suo ritiro e il suo percorso di formazione; formazione che \u00e8 comune a tutti i gruppi perch\u00e9 decisa insieme. Durante l&#8217;assemblea generale si fa una sorta di professione\/ compromesso della durata di un anno. 2) Come vedi i laici saveriani del Brasile e qual \u00e8 la tua opinione su di loro? \u00abLi vedo come elementi importanti nella Chiesa e nell&#8217;attivit\u00e0 missionaria perch\u00e9 sono attenti alla missione, soprattutto per l&#8217;Ad Gentes. Credo che siano importanti soprattutto perch\u00e9 non sono un \u201cmovimento\u201d, ma sono uniti alla famiglia saveriana. Secondo me \u00e8 importante la presenza dei laici perch\u00e9 i religiosi passano e partono, mentre i laici in qualche modo restano nella comunit\u00e0 e sono testimoni di missione nel quotidiano\u00bb. 3) Ci hai conosciuto soltanto per poche ore e con la difficolt\u00e0 di non conoscere bene la lingua, ma durante la mattinata che hai passato con noi cosa hai avvertito, come ci hai visti? Laicato Saveriano Aprile 2016 &#8211; 5 &#8211; \u00abHo conosciuto Alessandra e Alessandro in Brasile e per me passare del tempo con i laici saveriani non \u00e8 stata un\u00b4esperienza nuova. Ho sentito forte lo spirito di famiglia e l&#8217;attenzione dell&#8217;uno verso l&#8217;altro. Ho visto molta condivisione anche durante il giro in citt\u00e0 fatto insieme durante il tempo libero\u00bb. 4) Da futuro padre saveriano cosa ti aspetti dal laicato? \u00abMi aspetto un cammino insieme con coraggio perch\u00e9 la missione ha bisogno di persone come voi, la missione Ad Gentes ha bisogno di voi. Come noi sognate di fare del mondo una sola famiglia, siete testimoni di una caratteristica, cio\u00e8 essere missionari e far parte di una famiglia ed \u00e8 questo che da il coraggio di provare a fare del mondo una sola famiglia\u00bb.<\/p>\n<p style=\"text-align: justify;\">RIFLESSIONI DA PARTE DELL\u2019EQUIPE AMERICA LATINA Necessit\u00e0 di compromettersi Notiamo la necessit\u00e0 di dichiararsi apertamente appartenenti alla famiglia saveriana, nello specifico quella del laicato, e prendersi esplicitamente la responsabilit\u00e0 dell&#8217;impegno di camminare insieme; ci riferiamo alla professione\/ compromesso dei laici del Brasile e al nostro gesto di appartenenza durante la scorsa convivenza estiva a Bedonia. I laici segni di continuit\u00e0 nell\u2019animazione missionaria locale In pi\u00f9 ci piace sottolineare anche la dimensione della continuit\u00e0 che i laici riescono a mantenere nelle case saveriane cos\u00ec come \u00e8 stato espresso da Cad\u00f9 nell&#8217;intervista. Questo non per inorgoglirci, ma al contrario deve diventare consapevolezza dell&#8217;impegno continuo che siamo tenuti a dare nelle case. Pur nella diversit\u00e0 di situazioni che ogni laico vive, infatti, possono essere diversi i tempi di un giovane rispetto ad un adulto o un anziano, o in relazione agli impegni di lavoro e\/o famiglia, ma ci\u00f2 che conta \u00e8 esserci con il cuore e l&#8217;intelligenza che spinge a fare vita di famiglia e animazione missionaria. Laici e padri: la sfida della missione insieme\u2026 Se per noi \u00e8 un momento di crescita la consapevolezza di questa nostra presenza per i padri dovrebbe essere un&#8217; opportunit\u00e0 da utilizzare per costruire insieme il futuro di tutta la famiglia Severiana. Infine l&#8217;aspetto che pi\u00f9 ci colpisce \u00e8 l&#8217;attenzione e l&#8217;importanza che Cad\u00f9 d\u00e0 al ruolo dei laici: Cad\u00f9 sembra dirci che la missionariet\u00e0 deve necessariamente essere vissuta insieme, laici e padri, e il fatto che un futuro padre saveriano abbia questo pensiero \u00e8 davvero molto positivo poich\u00e9 conferma anche la necessit\u00e0 di una Chiesa vissuta davvero come famiglia gi\u00e0 nel proprio interno, forse prerogativa fondamentale per fare del mondo un&#8217;unica famiglia<\/p>\n","protected":false},"excerpt":{"rendered":"<p>Carlos Eduardo Dos Santos Amorim, per gli amici Cad\u00f9, \u00e8 uno studente saveriano di 28 anni arrivato a Parma da Teresina lo scorso settembre e che abbiamo avuto modo di conoscere durante la convivenza invernale a Monticelli. Cad\u00f9 conosce i saveriani dal 2008, ma ha fatto il suo ingresso in famiglia a Curitiba nel 2010&#8230;<\/p>\n","protected":false},"author":1,"featured_media":437,"comment_status":"open","ping_status":"closed","sticky":false,"template":"","format":"standard","meta":{"footnotes":""},"categories":[64],"tags":[],"class_list":["post-490","post","type-post","status-publish","format-standard","has-post-thumbnail","hentry","category-vita-di-famiglia"],"yoast_head":"<!-- This site is optimized with the Yoast SEO plugin v26.6 - https:\/\/yoast.com\/wordpress\/plugins\/seo\/ -->\n<title>Il Laicato Saveriano del Brasile del sud visto dagli occhi di uno studente saveriano - Laicato Saveriano<\/title>\n<meta name=\"robots\" content=\"index, follow, max-snippet:-1, max-image-preview:large, max-video-preview:-1\" \/>\n<link rel=\"canonical\" href=\"https:\/\/www.laicatosaveriano.it\/2023\/11\/08\/il-laicato-saveriano-del-brasile-del-sud-visto-dagli-occhi-di-uno-studente-saveriano.html\" \/>\n<meta property=\"og:locale\" content=\"en_US\" \/>\n<meta property=\"og:type\" content=\"article\" \/>\n<meta property=\"og:title\" content=\"Il Laicato Saveriano del Brasile del sud visto dagli occhi di uno studente saveriano - Laicato Saveriano\" \/>\n<meta property=\"og:description\" content=\"Carlos Eduardo Dos Santos Amorim, per gli amici Cad\u00f9, \u00e8 uno studente saveriano di 28 anni arrivato a Parma da Teresina lo scorso settembre e che abbiamo avuto modo di conoscere durante la convivenza invernale a Monticelli. Cad\u00f9 conosce i saveriani dal 2008, ma ha fatto il suo ingresso in famiglia a Curitiba nel 2010...\" \/>\n<meta property=\"og:url\" content=\"https:\/\/www.laicatosaveriano.it\/2023\/11\/08\/il-laicato-saveriano-del-brasile-del-sud-visto-dagli-occhi-di-uno-studente-saveriano.html\" \/>\n<meta property=\"og:site_name\" content=\"Laicato Saveriano\" \/>\n<meta property=\"article:published_time\" content=\"2023-11-08T10:45:14+00:00\" \/>\n<meta property=\"article:modified_time\" content=\"2024-11-23T15:15:51+00:00\" \/>\n<meta property=\"og:image\" content=\"https:\/\/www.laicatosaveriano.it\/wp-content\/uploads\/2016\/02\/Catturab.jpg\" \/>\n\t<meta property=\"og:image:width\" content=\"1121\" \/>\n\t<meta property=\"og:image:height\" content=\"609\" \/>\n\t<meta property=\"og:image:type\" content=\"image\/jpeg\" \/>\n<meta name=\"author\" content=\"admin_laicatosaveriano\" \/>\n<meta name=\"twitter:card\" content=\"summary_large_image\" \/>\n<meta name=\"twitter:label1\" content=\"Written by\" \/>\n\t<meta name=\"twitter:data1\" content=\"admin_laicatosaveriano\" \/>\n\t<meta name=\"twitter:label2\" content=\"Est. reading time\" \/>\n\t<meta name=\"twitter:data2\" content=\"5 minutes\" \/>\n<script type=\"application\/ld+json\" class=\"yoast-schema-graph\">{\"@context\":\"https:\/\/schema.org\",\"@graph\":[{\"@type\":\"Article\",\"@id\":\"https:\/\/www.laicatosaveriano.it\/2023\/11\/08\/il-laicato-saveriano-del-brasile-del-sud-visto-dagli-occhi-di-uno-studente-saveriano.html#article\",\"isPartOf\":{\"@id\":\"https:\/\/www.laicatosaveriano.it\/2023\/11\/08\/il-laicato-saveriano-del-brasile-del-sud-visto-dagli-occhi-di-uno-studente-saveriano.html\"},\"author\":{\"name\":\"admin_laicatosaveriano\",\"@id\":\"https:\/\/www.laicatosaveriano.it\/#\/schema\/person\/e1011cb64a53b36489146e266a9f5200\"},\"headline\":\"Il Laicato Saveriano del Brasile del sud visto dagli occhi di uno studente saveriano\",\"datePublished\":\"2023-11-08T10:45:14+00:00\",\"dateModified\":\"2024-11-23T15:15:51+00:00\",\"mainEntityOfPage\":{\"@id\":\"https:\/\/www.laicatosaveriano.it\/2023\/11\/08\/il-laicato-saveriano-del-brasile-del-sud-visto-dagli-occhi-di-uno-studente-saveriano.html\"},\"wordCount\":921,\"commentCount\":0,\"publisher\":{\"@id\":\"https:\/\/www.laicatosaveriano.it\/#organization\"},\"image\":{\"@id\":\"https:\/\/www.laicatosaveriano.it\/2023\/11\/08\/il-laicato-saveriano-del-brasile-del-sud-visto-dagli-occhi-di-uno-studente-saveriano.html#primaryimage\"},\"thumbnailUrl\":\"https:\/\/www.laicatosaveriano.it\/wp-content\/uploads\/2016\/02\/Catturab.jpg\",\"articleSection\":[\"Vita di famiglia\"],\"inLanguage\":\"en-US\",\"potentialAction\":[{\"@type\":\"CommentAction\",\"name\":\"Comment\",\"target\":[\"https:\/\/www.laicatosaveriano.it\/2023\/11\/08\/il-laicato-saveriano-del-brasile-del-sud-visto-dagli-occhi-di-uno-studente-saveriano.html#respond\"]}]},{\"@type\":\"WebPage\",\"@id\":\"https:\/\/www.laicatosaveriano.it\/2023\/11\/08\/il-laicato-saveriano-del-brasile-del-sud-visto-dagli-occhi-di-uno-studente-saveriano.html\",\"url\":\"https:\/\/www.laicatosaveriano.it\/2023\/11\/08\/il-laicato-saveriano-del-brasile-del-sud-visto-dagli-occhi-di-uno-studente-saveriano.html\",\"name\":\"Il Laicato Saveriano del Brasile del sud visto dagli occhi di uno studente saveriano - Laicato Saveriano\",\"isPartOf\":{\"@id\":\"https:\/\/www.laicatosaveriano.it\/#website\"},\"primaryImageOfPage\":{\"@id\":\"https:\/\/www.laicatosaveriano.it\/2023\/11\/08\/il-laicato-saveriano-del-brasile-del-sud-visto-dagli-occhi-di-uno-studente-saveriano.html#primaryimage\"},\"image\":{\"@id\":\"https:\/\/www.laicatosaveriano.it\/2023\/11\/08\/il-laicato-saveriano-del-brasile-del-sud-visto-dagli-occhi-di-uno-studente-saveriano.html#primaryimage\"},\"thumbnailUrl\":\"https:\/\/www.laicatosaveriano.it\/wp-content\/uploads\/2016\/02\/Catturab.jpg\",\"datePublished\":\"2023-11-08T10:45:14+00:00\",\"dateModified\":\"2024-11-23T15:15:51+00:00\",\"breadcrumb\":{\"@id\":\"https:\/\/www.laicatosaveriano.it\/2023\/11\/08\/il-laicato-saveriano-del-brasile-del-sud-visto-dagli-occhi-di-uno-studente-saveriano.html#breadcrumb\"},\"inLanguage\":\"en-US\",\"potentialAction\":[{\"@type\":\"ReadAction\",\"target\":[\"https:\/\/www.laicatosaveriano.it\/2023\/11\/08\/il-laicato-saveriano-del-brasile-del-sud-visto-dagli-occhi-di-uno-studente-saveriano.html\"]}]},{\"@type\":\"ImageObject\",\"inLanguage\":\"en-US\",\"@id\":\"https:\/\/www.laicatosaveriano.it\/2023\/11\/08\/il-laicato-saveriano-del-brasile-del-sud-visto-dagli-occhi-di-uno-studente-saveriano.html#primaryimage\",\"url\":\"https:\/\/www.laicatosaveriano.it\/wp-content\/uploads\/2016\/02\/Catturab.jpg\",\"contentUrl\":\"https:\/\/www.laicatosaveriano.it\/wp-content\/uploads\/2016\/02\/Catturab.jpg\",\"width\":1121,\"height\":609},{\"@type\":\"BreadcrumbList\",\"@id\":\"https:\/\/www.laicatosaveriano.it\/2023\/11\/08\/il-laicato-saveriano-del-brasile-del-sud-visto-dagli-occhi-di-uno-studente-saveriano.html#breadcrumb\",\"itemListElement\":[{\"@type\":\"ListItem\",\"position\":1,\"name\":\"Home\",\"item\":\"https:\/\/www.laicatosaveriano.it\/\"},{\"@type\":\"ListItem\",\"position\":2,\"name\":\"Il Laicato Saveriano del Brasile del sud visto dagli occhi di uno studente saveriano\"}]},{\"@type\":\"WebSite\",\"@id\":\"https:\/\/www.laicatosaveriano.it\/#website\",\"url\":\"https:\/\/www.laicatosaveriano.it\/\",\"name\":\"Laicato Saveriano\",\"description\":\"Fare del mondo una sola famiglia\",\"publisher\":{\"@id\":\"https:\/\/www.laicatosaveriano.it\/#organization\"},\"potentialAction\":[{\"@type\":\"SearchAction\",\"target\":{\"@type\":\"EntryPoint\",\"urlTemplate\":\"https:\/\/www.laicatosaveriano.it\/?s={search_term_string}\"},\"query-input\":{\"@type\":\"PropertyValueSpecification\",\"valueRequired\":true,\"valueName\":\"search_term_string\"}}],\"inLanguage\":\"en-US\"},{\"@type\":\"Organization\",\"@id\":\"https:\/\/www.laicatosaveriano.it\/#organization\",\"name\":\"Laicato Saveriano\",\"url\":\"https:\/\/www.laicatosaveriano.it\/\",\"logo\":{\"@type\":\"ImageObject\",\"inLanguage\":\"en-US\",\"@id\":\"https:\/\/www.laicatosaveriano.it\/#\/schema\/logo\/image\/\",\"url\":\"https:\/\/www.laicatosaveriano.it\/wp-content\/uploads\/2024\/11\/cropped-logocropped-logo-laicato-saveriano.jpg\",\"contentUrl\":\"https:\/\/www.laicatosaveriano.it\/wp-content\/uploads\/2024\/11\/cropped-logocropped-logo-laicato-saveriano.jpg\",\"width\":511,\"height\":511,\"caption\":\"Laicato Saveriano\"},\"image\":{\"@id\":\"https:\/\/www.laicatosaveriano.it\/#\/schema\/logo\/image\/\"}},{\"@type\":\"Person\",\"@id\":\"https:\/\/www.laicatosaveriano.it\/#\/schema\/person\/e1011cb64a53b36489146e266a9f5200\",\"name\":\"admin_laicatosaveriano\",\"image\":{\"@type\":\"ImageObject\",\"inLanguage\":\"en-US\",\"@id\":\"https:\/\/www.laicatosaveriano.it\/#\/schema\/person\/image\/\",\"url\":\"https:\/\/secure.gravatar.com\/avatar\/1f06725129948f57ba750d499bfdaf29c366e278c22cfac86d43bcdb7fe06eb0?s=96&d=mm&r=g\",\"contentUrl\":\"https:\/\/secure.gravatar.com\/avatar\/1f06725129948f57ba750d499bfdaf29c366e278c22cfac86d43bcdb7fe06eb0?s=96&d=mm&r=g\",\"caption\":\"admin_laicatosaveriano\"},\"url\":\"https:\/\/www.laicatosaveriano.it\/en\/author\/admin_laicatosaveriano\"}]}<\/script>\n<!-- \/ Yoast SEO plugin. -->","yoast_head_json":{"title":"Il Laicato Saveriano del Brasile del sud visto dagli occhi di uno studente saveriano - Laicato Saveriano","robots":{"index":"index","follow":"follow","max-snippet":"max-snippet:-1","max-image-preview":"max-image-preview:large","max-video-preview":"max-video-preview:-1"},"canonical":"https:\/\/www.laicatosaveriano.it\/2023\/11\/08\/il-laicato-saveriano-del-brasile-del-sud-visto-dagli-occhi-di-uno-studente-saveriano.html","og_locale":"en_US","og_type":"article","og_title":"Il Laicato Saveriano del Brasile del sud visto dagli occhi di uno studente saveriano - Laicato Saveriano","og_description":"Carlos Eduardo Dos Santos Amorim, per gli amici Cad\u00f9, \u00e8 uno studente saveriano di 28 anni arrivato a Parma da Teresina lo scorso settembre e che abbiamo avuto modo di conoscere durante la convivenza invernale a Monticelli. Cad\u00f9 conosce i saveriani dal 2008, ma ha fatto il suo ingresso in famiglia a Curitiba nel 2010...","og_url":"https:\/\/www.laicatosaveriano.it\/2023\/11\/08\/il-laicato-saveriano-del-brasile-del-sud-visto-dagli-occhi-di-uno-studente-saveriano.html","og_site_name":"Laicato Saveriano","article_published_time":"2023-11-08T10:45:14+00:00","article_modified_time":"2024-11-23T15:15:51+00:00","og_image":[{"width":1121,"height":609,"url":"https:\/\/www.laicatosaveriano.it\/wp-content\/uploads\/2016\/02\/Catturab.jpg","type":"image\/jpeg"}],"author":"admin_laicatosaveriano","twitter_card":"summary_large_image","twitter_misc":{"Written by":"admin_laicatosaveriano","Est. reading time":"5 minutes"},"schema":{"@context":"https:\/\/schema.org","@graph":[{"@type":"Article","@id":"https:\/\/www.laicatosaveriano.it\/2023\/11\/08\/il-laicato-saveriano-del-brasile-del-sud-visto-dagli-occhi-di-uno-studente-saveriano.html#article","isPartOf":{"@id":"https:\/\/www.laicatosaveriano.it\/2023\/11\/08\/il-laicato-saveriano-del-brasile-del-sud-visto-dagli-occhi-di-uno-studente-saveriano.html"},"author":{"name":"admin_laicatosaveriano","@id":"https:\/\/www.laicatosaveriano.it\/#\/schema\/person\/e1011cb64a53b36489146e266a9f5200"},"headline":"Il Laicato Saveriano del Brasile del sud visto dagli occhi di uno studente saveriano","datePublished":"2023-11-08T10:45:14+00:00","dateModified":"2024-11-23T15:15:51+00:00","mainEntityOfPage":{"@id":"https:\/\/www.laicatosaveriano.it\/2023\/11\/08\/il-laicato-saveriano-del-brasile-del-sud-visto-dagli-occhi-di-uno-studente-saveriano.html"},"wordCount":921,"commentCount":0,"publisher":{"@id":"https:\/\/www.laicatosaveriano.it\/#organization"},"image":{"@id":"https:\/\/www.laicatosaveriano.it\/2023\/11\/08\/il-laicato-saveriano-del-brasile-del-sud-visto-dagli-occhi-di-uno-studente-saveriano.html#primaryimage"},"thumbnailUrl":"https:\/\/www.laicatosaveriano.it\/wp-content\/uploads\/2016\/02\/Catturab.jpg","articleSection":["Vita di famiglia"],"inLanguage":"en-US","potentialAction":[{"@type":"CommentAction","name":"Comment","target":["https:\/\/www.laicatosaveriano.it\/2023\/11\/08\/il-laicato-saveriano-del-brasile-del-sud-visto-dagli-occhi-di-uno-studente-saveriano.html#respond"]}]},{"@type":"WebPage","@id":"https:\/\/www.laicatosaveriano.it\/2023\/11\/08\/il-laicato-saveriano-del-brasile-del-sud-visto-dagli-occhi-di-uno-studente-saveriano.html","url":"https:\/\/www.laicatosaveriano.it\/2023\/11\/08\/il-laicato-saveriano-del-brasile-del-sud-visto-dagli-occhi-di-uno-studente-saveriano.html","name":"Il Laicato Saveriano del Brasile del sud visto dagli occhi di uno studente saveriano - Laicato Saveriano","isPartOf":{"@id":"https:\/\/www.laicatosaveriano.it\/#website"},"primaryImageOfPage":{"@id":"https:\/\/www.laicatosaveriano.it\/2023\/11\/08\/il-laicato-saveriano-del-brasile-del-sud-visto-dagli-occhi-di-uno-studente-saveriano.html#primaryimage"},"image":{"@id":"https:\/\/www.laicatosaveriano.it\/2023\/11\/08\/il-laicato-saveriano-del-brasile-del-sud-visto-dagli-occhi-di-uno-studente-saveriano.html#primaryimage"},"thumbnailUrl":"https:\/\/www.laicatosaveriano.it\/wp-content\/uploads\/2016\/02\/Catturab.jpg","datePublished":"2023-11-08T10:45:14+00:00","dateModified":"2024-11-23T15:15:51+00:00","breadcrumb":{"@id":"https:\/\/www.laicatosaveriano.it\/2023\/11\/08\/il-laicato-saveriano-del-brasile-del-sud-visto-dagli-occhi-di-uno-studente-saveriano.html#breadcrumb"},"inLanguage":"en-US","potentialAction":[{"@type":"ReadAction","target":["https:\/\/www.laicatosaveriano.it\/2023\/11\/08\/il-laicato-saveriano-del-brasile-del-sud-visto-dagli-occhi-di-uno-studente-saveriano.html"]}]},{"@type":"ImageObject","inLanguage":"en-US","@id":"https:\/\/www.laicatosaveriano.it\/2023\/11\/08\/il-laicato-saveriano-del-brasile-del-sud-visto-dagli-occhi-di-uno-studente-saveriano.html#primaryimage","url":"https:\/\/www.laicatosaveriano.it\/wp-content\/uploads\/2016\/02\/Catturab.jpg","contentUrl":"https:\/\/www.laicatosaveriano.it\/wp-content\/uploads\/2016\/02\/Catturab.jpg","width":1121,"height":609},{"@type":"BreadcrumbList","@id":"https:\/\/www.laicatosaveriano.it\/2023\/11\/08\/il-laicato-saveriano-del-brasile-del-sud-visto-dagli-occhi-di-uno-studente-saveriano.html#breadcrumb","itemListElement":[{"@type":"ListItem","position":1,"name":"Home","item":"https:\/\/www.laicatosaveriano.it\/"},{"@type":"ListItem","position":2,"name":"Il Laicato Saveriano del Brasile del sud visto dagli occhi di uno studente saveriano"}]},{"@type":"WebSite","@id":"https:\/\/www.laicatosaveriano.it\/#website","url":"https:\/\/www.laicatosaveriano.it\/","name":"Laicato Saveriano","description":"Fare del mondo una sola famiglia","publisher":{"@id":"https:\/\/www.laicatosaveriano.it\/#organization"},"potentialAction":[{"@type":"SearchAction","target":{"@type":"EntryPoint","urlTemplate":"https:\/\/www.laicatosaveriano.it\/?s={search_term_string}"},"query-input":{"@type":"PropertyValueSpecification","valueRequired":true,"valueName":"search_term_string"}}],"inLanguage":"en-US"},{"@type":"Organization","@id":"https:\/\/www.laicatosaveriano.it\/#organization","name":"Laicato Saveriano","url":"https:\/\/www.laicatosaveriano.it\/","logo":{"@type":"ImageObject","inLanguage":"en-US","@id":"https:\/\/www.laicatosaveriano.it\/#\/schema\/logo\/image\/","url":"https:\/\/www.laicatosaveriano.it\/wp-content\/uploads\/2024\/11\/cropped-logocropped-logo-laicato-saveriano.jpg","contentUrl":"https:\/\/www.laicatosaveriano.it\/wp-content\/uploads\/2024\/11\/cropped-logocropped-logo-laicato-saveriano.jpg","width":511,"height":511,"caption":"Laicato Saveriano"},"image":{"@id":"https:\/\/www.laicatosaveriano.it\/#\/schema\/logo\/image\/"}},{"@type":"Person","@id":"https:\/\/www.laicatosaveriano.it\/#\/schema\/person\/e1011cb64a53b36489146e266a9f5200","name":"admin_laicatosaveriano","image":{"@type":"ImageObject","inLanguage":"en-US","@id":"https:\/\/www.laicatosaveriano.it\/#\/schema\/person\/image\/","url":"https:\/\/secure.gravatar.com\/avatar\/1f06725129948f57ba750d499bfdaf29c366e278c22cfac86d43bcdb7fe06eb0?s=96&d=mm&r=g","contentUrl":"https:\/\/secure.gravatar.com\/avatar\/1f06725129948f57ba750d499bfdaf29c366e278c22cfac86d43bcdb7fe06eb0?s=96&d=mm&r=g","caption":"admin_laicatosaveriano"},"url":"https:\/\/www.laicatosaveriano.it\/en\/author\/admin_laicatosaveriano"}]}},"_links":{"self":[{"href":"https:\/\/www.laicatosaveriano.it\/en\/wp-json\/wp\/v2\/posts\/490","targetHints":{"allow":["GET"]}}],"collection":[{"href":"https:\/\/www.laicatosaveriano.it\/en\/wp-json\/wp\/v2\/posts"}],"about":[{"href":"https:\/\/www.laicatosaveriano.it\/en\/wp-json\/wp\/v2\/types\/post"}],"author":[{"embeddable":true,"href":"https:\/\/www.laicatosaveriano.it\/en\/wp-json\/wp\/v2\/users\/1"}],"replies":[{"embeddable":true,"href":"https:\/\/www.laicatosaveriano.it\/en\/wp-json\/wp\/v2\/comments?post=490"}],"version-history":[{"count":1,"href":"https:\/\/www.laicatosaveriano.it\/en\/wp-json\/wp\/v2\/posts\/490\/revisions"}],"predecessor-version":[{"id":23397,"href":"https:\/\/www.laicatosaveriano.it\/en\/wp-json\/wp\/v2\/posts\/490\/revisions\/23397"}],"wp:featuredmedia":[{"embeddable":true,"href":"https:\/\/www.laicatosaveriano.it\/en\/wp-json\/wp\/v2\/media\/437"}],"wp:attachment":[{"href":"https:\/\/www.laicatosaveriano.it\/en\/wp-json\/wp\/v2\/media?parent=490"}],"wp:term":[{"taxonomy":"category","embeddable":true,"href":"https:\/\/www.laicatosaveriano.it\/en\/wp-json\/wp\/v2\/categories?post=490"},{"taxonomy":"post_tag","embeddable":true,"href":"https:\/\/www.laicatosaveriano.it\/en\/wp-json\/wp\/v2\/tags?post=490"}],"curies":[{"name":"wp","href":"https:\/\/api.w.org\/{rel}","templated":true}]}}