{"id":26678,"date":"2026-08-11T10:11:14","date_gmt":"2026-08-11T10:11:14","guid":{"rendered":""},"modified":"-0001-11-30T00:00:00","modified_gmt":"-0001-11-29T22:00:00","slug":"guida-all-acquisto-di-un-casco-da-ciclismo","status":"publish","type":"post","link":"https:\/\/www.laicatosaveriano.it\/pt\/2026\/08\/11\/guida-all-acquisto-di-un-casco-da-ciclismo.html","title":{"rendered":"Guida all&#8217;acquisto di un casco da ciclismo"},"content":{"rendered":"<h2>Il problema che ti blocca<\/h2>\n<p>Se ti sei mai trovato a pedalare con il vento che ti sferza il viso e senti l\u2019idea di non essere protetto, sei nella stessa barca di molti ciclisti. Il casco \u00e8 l\u2019unico vero scudo, ma la scelta diventa un labirinto di marchi, prezzi e certificazioni. Qui tagliamo la confusione. Ecco il punto centrale: non tutti i caschi sono fatti uguali, e il valore non \u00e8 lineare.<\/p>\n<h2>Tipo di utilizzo: strada o fuoristrada?<\/h2>\n<p>Prima di guardare il prezzo, chiediti dove andrai a girare. Un casco da strada \u00e8 aerodinamico, leggero, con una copertura ridotta, perfetto per la velocit\u00e0. Un modello da mountain bike ha volanti pi\u00f9 alti, pi\u00f9 protezione laterale, e una ventilazione pi\u00f9 aggressiva. Qui il \u201cgiro\u201d decide il design. La differenza \u00e8 reale, non \u00e8 una questione di estetica.<\/p>\n<h3>Ventilazione vs protezione<\/h3>\n<p>Guardare il numero di fori \u00e8 un trucco da marketing. S\u00ec, pi\u00f9 aree di flusso d&#8217;aria=meno sudore, ma un eccesso di fori pu\u00f2 indebolire il guscio. Il trucco sta nei canali di ventilazione modellati per mantenere la rigidit\u00e0 dove conta: la zona della fronte e i lati. Qui la scienza incontra il comfort.<\/p>\n<h2>Materiali del guscio: EPS o MIPS?<\/h2>\n<p>Il tradizionale EPS (polistirene espanso) \u00e8 leggero e assorbe gli impatti; \u00e8 lo standard. MIPS, invece, aggiunge uno strato rotante che devia le forze laterali, riducendo il rischio di commozioni cerebrali. Non \u00e8 un optional, \u00e8 un upgrade che vale la pena considerare, soprattutto se spendi pi\u00f9 di 150\u202f\u20ac.<\/p>\n<h3>Taglio e vestibilit\u00e0<\/h3>\n<p>Un casco troppo largo \u00e8 un disastro: vibrazioni, rumore, poca stabilit\u00e0. Troppo stretto e non lo indossi affatto. Il punto chiave \u00e8 la regolazione a 3 punti: cinturino, sistema di micro\u2011adjust e la barra posteriore. Provalo, spingi il retro, senti il contatto. Se ti rimane spazio di un dito, \u00e8 perfetto.<\/p>\n<h2>Certificazioni obbligatorie<\/h2>\n<p>Un casco senza marcatura CEN \u00e8 una truffa. Quell\u2019etichetta garantisce che il prodotto ha superato i test di impatto. Alcuni modelli hanno anche la certificazione EN 1078 per i bambini. Quindi, prima di acquistare, controlla sempre la stampa sul interno; se manca, scarta.<\/p>\n<h3>Prezzo e rapporto qualit\u00e0\u2011costo<\/h3>\n<p>Il prezzo medio varia tra 80\u202f\u20ac e 250\u202f\u20ac. Non conviene buttare i soldi su un modello da 300\u202f\u20ac se la maggior parte delle funzioni \u00e8 identica a una versione pi\u00f9 economica. Il segreto \u00e8 trovare il \u201cpunto dolce\u201d: protezione certificata, ventilazione adeguata e un comfort che ti faccia dimenticare che lo indossi.<\/p>\n<h2>Il tocco finale<\/h2>\n<p>Visita <a href=\"https:\/\/scommonlineciclismo.com\">scommonlineciclismo.com<\/a> per leggere le recensioni reali di ciclisti come te, confrontare modelli e afferrare l\u2019offerta migliore. Qui non c\u2019\u00e8 spazio per le esitazioni. Prendi il casco pi\u00f9 adatto al tuo stile, regola il cinturino, e vai. E ora, chiudi la pagina, acquistalo, e pedala al sicuro.<\/p>\n","protected":false},"excerpt":{"rendered":"<p>Il problema che ti blocca Se ti sei mai trovato a pedalare con il vento che ti sferza il viso e senti l\u2019idea di non essere protetto, sei nella stessa barca di molti ciclisti. Il casco \u00e8 l\u2019unico vero scudo, ma la scelta diventa un labirinto di marchi, prezzi e certificazioni. Qui tagliamo la confusione&#8230;.<\/p>\n","protected":false},"author":63,"featured_media":0,"comment_status":"closed","ping_status":"closed","sticky":false,"template":"","format":"standard","meta":{"footnotes":""},"categories":[],"tags":[],"class_list":["post-26678","post","type-post","status-publish","format-standard","hentry"],"yoast_head":"<!-- This site is optimized with the Yoast SEO plugin v26.6 - https:\/\/yoast.com\/wordpress\/plugins\/seo\/ -->\n<title>Guida all&#039;acquisto di un casco da ciclismo - Laicato Saveriano<\/title>\n<meta name=\"robots\" content=\"index, follow, max-snippet:-1, max-image-preview:large, max-video-preview:-1\" \/>\n<link rel=\"canonical\" href=\"https:\/\/www.laicatosaveriano.it\/en\/2026\/08\/11\/guida-all-acquisto-di-un-casco-da-ciclismo.html\" \/>\n<meta property=\"og:locale\" content=\"pt_PT\" \/>\n<meta property=\"og:type\" content=\"article\" \/>\n<meta property=\"og:title\" content=\"Guida all&#039;acquisto di un casco da ciclismo - Laicato Saveriano\" \/>\n<meta property=\"og:description\" content=\"Il problema che ti blocca Se ti sei mai trovato a pedalare con il vento che ti sferza il viso e senti l\u2019idea di non essere protetto, sei nella stessa barca di molti ciclisti. Il casco \u00e8 l\u2019unico vero scudo, ma la scelta diventa un labirinto di marchi, prezzi e certificazioni. Qui tagliamo la confusione....\" \/>\n<meta property=\"og:url\" content=\"https:\/\/www.laicatosaveriano.it\/en\/2026\/08\/11\/guida-all-acquisto-di-un-casco-da-ciclismo.html\" \/>\n<meta property=\"og:site_name\" content=\"Laicato Saveriano\" \/>\n<meta property=\"article:published_time\" content=\"2026-08-11T10:11:14+00:00\" \/>\n<meta name=\"twitter:card\" content=\"summary_large_image\" \/>\n<meta name=\"twitter:label1\" content=\"Escrito por\" \/>\n\t<meta name=\"twitter:data1\" content=\"\" \/>\n\t<meta name=\"twitter:label2\" content=\"Tempo estimado de leitura\" \/>\n\t<meta name=\"twitter:data2\" content=\"2 minutos\" \/>\n<script type=\"application\/ld+json\" class=\"yoast-schema-graph\">{\"@context\":\"https:\/\/schema.org\",\"@graph\":[{\"@type\":\"Article\",\"@id\":\"https:\/\/www.laicatosaveriano.it\/en\/2026\/08\/11\/guida-all-acquisto-di-un-casco-da-ciclismo.html#article\",\"isPartOf\":{\"@id\":\"https:\/\/www.laicatosaveriano.it\/en\/2026\/08\/11\/guida-all-acquisto-di-un-casco-da-ciclismo.html\"},\"author\":{\"name\":\"\",\"@id\":\"\"},\"headline\":\"Guida all&#8217;acquisto di un casco da ciclismo\",\"datePublished\":\"2026-08-11T10:11:14+00:00\",\"mainEntityOfPage\":{\"@id\":\"https:\/\/www.laicatosaveriano.it\/en\/2026\/08\/11\/guida-all-acquisto-di-un-casco-da-ciclismo.html\"},\"wordCount\":445,\"publisher\":{\"@id\":\"https:\/\/www.laicatosaveriano.it\/#organization\"},\"inLanguage\":\"pt-PT\"},{\"@type\":\"WebPage\",\"@id\":\"https:\/\/www.laicatosaveriano.it\/en\/2026\/08\/11\/guida-all-acquisto-di-un-casco-da-ciclismo.html\",\"url\":\"https:\/\/www.laicatosaveriano.it\/en\/2026\/08\/11\/guida-all-acquisto-di-un-casco-da-ciclismo.html\",\"name\":\"Guida all'acquisto di un casco da ciclismo - Laicato Saveriano\",\"isPartOf\":{\"@id\":\"https:\/\/www.laicatosaveriano.it\/#website\"},\"datePublished\":\"2026-08-11T10:11:14+00:00\",\"breadcrumb\":{\"@id\":\"https:\/\/www.laicatosaveriano.it\/en\/2026\/08\/11\/guida-all-acquisto-di-un-casco-da-ciclismo.html#breadcrumb\"},\"inLanguage\":\"pt-PT\",\"potentialAction\":[{\"@type\":\"ReadAction\",\"target\":[\"https:\/\/www.laicatosaveriano.it\/en\/2026\/08\/11\/guida-all-acquisto-di-un-casco-da-ciclismo.html\"]}]},{\"@type\":\"BreadcrumbList\",\"@id\":\"https:\/\/www.laicatosaveriano.it\/en\/2026\/08\/11\/guida-all-acquisto-di-un-casco-da-ciclismo.html#breadcrumb\",\"itemListElement\":[{\"@type\":\"ListItem\",\"position\":1,\"name\":\"Home\",\"item\":\"https:\/\/www.laicatosaveriano.it\/\"},{\"@type\":\"ListItem\",\"position\":2,\"name\":\"Guida all&#8217;acquisto di un casco da ciclismo\"}]},{\"@type\":\"WebSite\",\"@id\":\"https:\/\/www.laicatosaveriano.it\/#website\",\"url\":\"https:\/\/www.laicatosaveriano.it\/\",\"name\":\"Laicato Saveriano\",\"description\":\"Fare del mondo una sola famiglia\",\"publisher\":{\"@id\":\"https:\/\/www.laicatosaveriano.it\/#organization\"},\"potentialAction\":[{\"@type\":\"SearchAction\",\"target\":{\"@type\":\"EntryPoint\",\"urlTemplate\":\"https:\/\/www.laicatosaveriano.it\/?s={search_term_string}\"},\"query-input\":{\"@type\":\"PropertyValueSpecification\",\"valueRequired\":true,\"valueName\":\"search_term_string\"}}],\"inLanguage\":\"pt-PT\"},{\"@type\":\"Organization\",\"@id\":\"https:\/\/www.laicatosaveriano.it\/#organization\",\"name\":\"Laicato Saveriano\",\"url\":\"https:\/\/www.laicatosaveriano.it\/\",\"logo\":{\"@type\":\"ImageObject\",\"inLanguage\":\"pt-PT\",\"@id\":\"https:\/\/www.laicatosaveriano.it\/#\/schema\/logo\/image\/\",\"url\":\"https:\/\/www.laicatosaveriano.it\/wp-content\/uploads\/2024\/11\/cropped-logocropped-logo-laicato-saveriano.jpg\",\"contentUrl\":\"https:\/\/www.laicatosaveriano.it\/wp-content\/uploads\/2024\/11\/cropped-logocropped-logo-laicato-saveriano.jpg\",\"width\":511,\"height\":511,\"caption\":\"Laicato Saveriano\"},\"image\":{\"@id\":\"https:\/\/www.laicatosaveriano.it\/#\/schema\/logo\/image\/\"}},{\"@type\":\"Person\",\"@id\":\"\",\"url\":\"https:\/\/www.laicatosaveriano.it\/pt\/author\"}]}<\/script>\n<!-- \/ Yoast SEO plugin. -->","yoast_head_json":{"title":"Guida all'acquisto di un casco da ciclismo - Laicato Saveriano","robots":{"index":"index","follow":"follow","max-snippet":"max-snippet:-1","max-image-preview":"max-image-preview:large","max-video-preview":"max-video-preview:-1"},"canonical":"https:\/\/www.laicatosaveriano.it\/en\/2026\/08\/11\/guida-all-acquisto-di-un-casco-da-ciclismo.html","og_locale":"pt_PT","og_type":"article","og_title":"Guida all'acquisto di un casco da ciclismo - Laicato Saveriano","og_description":"Il problema che ti blocca Se ti sei mai trovato a pedalare con il vento che ti sferza il viso e senti l\u2019idea di non essere protetto, sei nella stessa barca di molti ciclisti. Il casco \u00e8 l\u2019unico vero scudo, ma la scelta diventa un labirinto di marchi, prezzi e certificazioni. Qui tagliamo la confusione....","og_url":"https:\/\/www.laicatosaveriano.it\/en\/2026\/08\/11\/guida-all-acquisto-di-un-casco-da-ciclismo.html","og_site_name":"Laicato Saveriano","article_published_time":"2026-08-11T10:11:14+00:00","twitter_card":"summary_large_image","twitter_misc":{"Escrito por":"","Tempo estimado de leitura":"2 minutos"},"schema":{"@context":"https:\/\/schema.org","@graph":[{"@type":"Article","@id":"https:\/\/www.laicatosaveriano.it\/en\/2026\/08\/11\/guida-all-acquisto-di-un-casco-da-ciclismo.html#article","isPartOf":{"@id":"https:\/\/www.laicatosaveriano.it\/en\/2026\/08\/11\/guida-all-acquisto-di-un-casco-da-ciclismo.html"},"author":{"name":"","@id":""},"headline":"Guida all&#8217;acquisto di un casco da ciclismo","datePublished":"2026-08-11T10:11:14+00:00","mainEntityOfPage":{"@id":"https:\/\/www.laicatosaveriano.it\/en\/2026\/08\/11\/guida-all-acquisto-di-un-casco-da-ciclismo.html"},"wordCount":445,"publisher":{"@id":"https:\/\/www.laicatosaveriano.it\/#organization"},"inLanguage":"pt-PT"},{"@type":"WebPage","@id":"https:\/\/www.laicatosaveriano.it\/en\/2026\/08\/11\/guida-all-acquisto-di-un-casco-da-ciclismo.html","url":"https:\/\/www.laicatosaveriano.it\/en\/2026\/08\/11\/guida-all-acquisto-di-un-casco-da-ciclismo.html","name":"Guida all'acquisto di un casco da ciclismo - Laicato Saveriano","isPartOf":{"@id":"https:\/\/www.laicatosaveriano.it\/#website"},"datePublished":"2026-08-11T10:11:14+00:00","breadcrumb":{"@id":"https:\/\/www.laicatosaveriano.it\/en\/2026\/08\/11\/guida-all-acquisto-di-un-casco-da-ciclismo.html#breadcrumb"},"inLanguage":"pt-PT","potentialAction":[{"@type":"ReadAction","target":["https:\/\/www.laicatosaveriano.it\/en\/2026\/08\/11\/guida-all-acquisto-di-un-casco-da-ciclismo.html"]}]},{"@type":"BreadcrumbList","@id":"https:\/\/www.laicatosaveriano.it\/en\/2026\/08\/11\/guida-all-acquisto-di-un-casco-da-ciclismo.html#breadcrumb","itemListElement":[{"@type":"ListItem","position":1,"name":"Home","item":"https:\/\/www.laicatosaveriano.it\/"},{"@type":"ListItem","position":2,"name":"Guida all&#8217;acquisto di un casco da ciclismo"}]},{"@type":"WebSite","@id":"https:\/\/www.laicatosaveriano.it\/#website","url":"https:\/\/www.laicatosaveriano.it\/","name":"Laicato Saveriano","description":"Fare del mondo una sola famiglia","publisher":{"@id":"https:\/\/www.laicatosaveriano.it\/#organization"},"potentialAction":[{"@type":"SearchAction","target":{"@type":"EntryPoint","urlTemplate":"https:\/\/www.laicatosaveriano.it\/?s={search_term_string}"},"query-input":{"@type":"PropertyValueSpecification","valueRequired":true,"valueName":"search_term_string"}}],"inLanguage":"pt-PT"},{"@type":"Organization","@id":"https:\/\/www.laicatosaveriano.it\/#organization","name":"Laicato Saveriano","url":"https:\/\/www.laicatosaveriano.it\/","logo":{"@type":"ImageObject","inLanguage":"pt-PT","@id":"https:\/\/www.laicatosaveriano.it\/#\/schema\/logo\/image\/","url":"https:\/\/www.laicatosaveriano.it\/wp-content\/uploads\/2024\/11\/cropped-logocropped-logo-laicato-saveriano.jpg","contentUrl":"https:\/\/www.laicatosaveriano.it\/wp-content\/uploads\/2024\/11\/cropped-logocropped-logo-laicato-saveriano.jpg","width":511,"height":511,"caption":"Laicato Saveriano"},"image":{"@id":"https:\/\/www.laicatosaveriano.it\/#\/schema\/logo\/image\/"}},{"@type":"Person","@id":"","url":"https:\/\/www.laicatosaveriano.it\/pt\/author"}]}},"_links":{"self":[{"href":"https:\/\/www.laicatosaveriano.it\/pt\/wp-json\/wp\/v2\/posts\/26678","targetHints":{"allow":["GET"]}}],"collection":[{"href":"https:\/\/www.laicatosaveriano.it\/pt\/wp-json\/wp\/v2\/posts"}],"about":[{"href":"https:\/\/www.laicatosaveriano.it\/pt\/wp-json\/wp\/v2\/types\/post"}],"author":[{"embeddable":true,"href":"https:\/\/www.laicatosaveriano.it\/pt\/wp-json\/wp\/v2\/users\/63"}],"replies":[{"embeddable":true,"href":"https:\/\/www.laicatosaveriano.it\/pt\/wp-json\/wp\/v2\/comments?post=26678"}],"version-history":[{"count":0,"href":"https:\/\/www.laicatosaveriano.it\/pt\/wp-json\/wp\/v2\/posts\/26678\/revisions"}],"wp:attachment":[{"href":"https:\/\/www.laicatosaveriano.it\/pt\/wp-json\/wp\/v2\/media?parent=26678"}],"wp:term":[{"taxonomy":"category","embeddable":true,"href":"https:\/\/www.laicatosaveriano.it\/pt\/wp-json\/wp\/v2\/categories?post=26678"},{"taxonomy":"post_tag","embeddable":true,"href":"https:\/\/www.laicatosaveriano.it\/pt\/wp-json\/wp\/v2\/tags?post=26678"}],"curies":[{"name":"wp","href":"https:\/\/api.w.org\/{rel}","templated":true}]}}