{"id":26721,"date":"2026-08-11T10:11:14","date_gmt":"2026-08-11T10:11:14","guid":{"rendered":""},"modified":"-0001-11-30T00:00:00","modified_gmt":"-0001-11-29T22:00:00","slug":"stilisti-e-ciclismo-l-influenza-della-moda-nel-settore","status":"publish","type":"post","link":"https:\/\/www.laicatosaveriano.it\/pt\/2026\/08\/11\/stilisti-e-ciclismo-l-influenza-della-moda-nel-settore.html","title":{"rendered":"Stilisti e ciclismo: l&#8217;influenza della moda nel settore"},"content":{"rendered":"<h2>Il punto di rottura<\/h2>\n<p>Le squadre di ciclismo non indossano pi\u00f9 solo maglie tecniche; ora la stampa \u00e8 un manifesto di stile. Qui la moda entra nell&#8217;arena come un colpo di pistola, sfidando la tradizione. I ciclisti sono diventati modelle su due ruote, la loro immagine \u00e8 una pista di sfilata.<\/p>\n<h2>Dalle passerelle alle selle<\/h2>\n<p>Guarda: i grandi stilisti hanno scoperto che il tessuto pi\u00f9 ricco \u00e8 quello che respira, che si piega al movimento. Alcuni brand lanciare collezioni in edizione limitata, combinando colori accesi con tagli aerodinamici. Il risultato? Un look che taglia l&#8217;aria e il silenzio della folla.<\/p>\n<h3>Materiali che fanno la differenza<\/h3>\n<p>Carbonio e Lycra non sono pi\u00f9 antagonisti, ma alleati. Le fibre intelligenti, rinforzate da nanotecnologia, mantengono la forma anche quando la pioggia si trasforma in una coltre di velluto. I ciclisti sentono la differenza: meno resistenza, pi\u00f9 personalit\u00e0.<\/p>\n<h3>Trend che guidano il mercato<\/h3>\n<p>Neon, graffiti, stampa a scacchi: gli stilisti pescano ispirazione dalle strade, non dalle piste. Le livree cambiano pi\u00f9 velocemente dei profili di velocit\u00e0, spingendo i team a rinnovare il guardaroba ogni stagione. Il risultato \u00e8 una corsa dove l&#8217;occhio \u00e8 una zona di arrivo.<\/p>\n<h2>Impatto sui fan<\/h2>\n<p>I tifosi comprano maglie come se fossero biglietti d&#8217;ingresso a un concerto. Il merchandising diventa un\u2019estensione della performance. Un ciclista che indossa una giacca firmata, fa crescere il valore percepito del team, creando un circolo virtuoso.<\/p>\n<h2>Consiglio pratico<\/h2>\n<p>Se vuoi che il tuo brand passi dalla pista alla passerella, scegli un tessuto traspirante con stampa che racconti una storia. Unisci un taglio sartoriale a un colore che sfida la routine. E, soprattutto, collabora con un designer che conosce la bici meglio del tuo meccanico. <a href=\"https:\/\/ciclismoscomm-it.com\">ciclismoscomm-it.com<\/a>. Aggiorna il tuo kit entro la prossima settimana.<\/p>\n","protected":false},"excerpt":{"rendered":"<p>Il punto di rottura Le squadre di ciclismo non indossano pi\u00f9 solo maglie tecniche; ora la stampa \u00e8 un manifesto di stile. Qui la moda entra nell&#8217;arena come un colpo di pistola, sfidando la tradizione. I ciclisti sono diventati modelle su due ruote, la loro immagine \u00e8 una pista di sfilata. Dalle passerelle alle selle&#8230;<\/p>\n","protected":false},"author":63,"featured_media":0,"comment_status":"closed","ping_status":"closed","sticky":false,"template":"","format":"standard","meta":{"footnotes":""},"categories":[],"tags":[],"class_list":["post-26721","post","type-post","status-publish","format-standard","hentry"],"yoast_head":"<!-- This site is optimized with the Yoast SEO plugin v26.6 - https:\/\/yoast.com\/wordpress\/plugins\/seo\/ -->\n<title>Stilisti e ciclismo: l&#039;influenza della moda nel settore - Laicato Saveriano<\/title>\n<meta name=\"robots\" content=\"index, follow, max-snippet:-1, max-image-preview:large, max-video-preview:-1\" \/>\n<link rel=\"canonical\" href=\"https:\/\/www.laicatosaveriano.it\/en\/2026\/08\/11\/stilisti-e-ciclismo-l-influenza-della-moda-nel-settore.html\" \/>\n<meta property=\"og:locale\" content=\"pt_PT\" \/>\n<meta property=\"og:type\" content=\"article\" \/>\n<meta property=\"og:title\" content=\"Stilisti e ciclismo: l&#039;influenza della moda nel settore - Laicato Saveriano\" \/>\n<meta property=\"og:description\" content=\"Il punto di rottura Le squadre di ciclismo non indossano pi\u00f9 solo maglie tecniche; ora la stampa \u00e8 un manifesto di stile. Qui la moda entra nell&#8217;arena come un colpo di pistola, sfidando la tradizione. I ciclisti sono diventati modelle su due ruote, la loro immagine \u00e8 una pista di sfilata. Dalle passerelle alle selle...\" \/>\n<meta property=\"og:url\" content=\"https:\/\/www.laicatosaveriano.it\/en\/2026\/08\/11\/stilisti-e-ciclismo-l-influenza-della-moda-nel-settore.html\" \/>\n<meta property=\"og:site_name\" content=\"Laicato Saveriano\" \/>\n<meta property=\"article:published_time\" content=\"2026-08-11T10:11:14+00:00\" \/>\n<meta name=\"twitter:card\" content=\"summary_large_image\" \/>\n<meta name=\"twitter:label1\" content=\"Escrito por\" \/>\n\t<meta name=\"twitter:data1\" content=\"\" \/>\n\t<meta name=\"twitter:label2\" content=\"Tempo estimado de leitura\" \/>\n\t<meta name=\"twitter:data2\" content=\"1 minuto\" \/>\n<script type=\"application\/ld+json\" class=\"yoast-schema-graph\">{\"@context\":\"https:\/\/schema.org\",\"@graph\":[{\"@type\":\"Article\",\"@id\":\"https:\/\/www.laicatosaveriano.it\/en\/2026\/08\/11\/stilisti-e-ciclismo-l-influenza-della-moda-nel-settore.html#article\",\"isPartOf\":{\"@id\":\"https:\/\/www.laicatosaveriano.it\/en\/2026\/08\/11\/stilisti-e-ciclismo-l-influenza-della-moda-nel-settore.html\"},\"author\":{\"name\":\"\",\"@id\":\"\"},\"headline\":\"Stilisti e ciclismo: l&#8217;influenza della moda nel settore\",\"datePublished\":\"2026-08-11T10:11:14+00:00\",\"mainEntityOfPage\":{\"@id\":\"https:\/\/www.laicatosaveriano.it\/en\/2026\/08\/11\/stilisti-e-ciclismo-l-influenza-della-moda-nel-settore.html\"},\"wordCount\":293,\"publisher\":{\"@id\":\"https:\/\/www.laicatosaveriano.it\/#organization\"},\"inLanguage\":\"pt-PT\"},{\"@type\":\"WebPage\",\"@id\":\"https:\/\/www.laicatosaveriano.it\/en\/2026\/08\/11\/stilisti-e-ciclismo-l-influenza-della-moda-nel-settore.html\",\"url\":\"https:\/\/www.laicatosaveriano.it\/en\/2026\/08\/11\/stilisti-e-ciclismo-l-influenza-della-moda-nel-settore.html\",\"name\":\"Stilisti e ciclismo: l'influenza della moda nel settore - Laicato Saveriano\",\"isPartOf\":{\"@id\":\"https:\/\/www.laicatosaveriano.it\/#website\"},\"datePublished\":\"2026-08-11T10:11:14+00:00\",\"breadcrumb\":{\"@id\":\"https:\/\/www.laicatosaveriano.it\/en\/2026\/08\/11\/stilisti-e-ciclismo-l-influenza-della-moda-nel-settore.html#breadcrumb\"},\"inLanguage\":\"pt-PT\",\"potentialAction\":[{\"@type\":\"ReadAction\",\"target\":[\"https:\/\/www.laicatosaveriano.it\/en\/2026\/08\/11\/stilisti-e-ciclismo-l-influenza-della-moda-nel-settore.html\"]}]},{\"@type\":\"BreadcrumbList\",\"@id\":\"https:\/\/www.laicatosaveriano.it\/en\/2026\/08\/11\/stilisti-e-ciclismo-l-influenza-della-moda-nel-settore.html#breadcrumb\",\"itemListElement\":[{\"@type\":\"ListItem\",\"position\":1,\"name\":\"Home\",\"item\":\"https:\/\/www.laicatosaveriano.it\/\"},{\"@type\":\"ListItem\",\"position\":2,\"name\":\"Stilisti e ciclismo: l&#8217;influenza della moda nel settore\"}]},{\"@type\":\"WebSite\",\"@id\":\"https:\/\/www.laicatosaveriano.it\/#website\",\"url\":\"https:\/\/www.laicatosaveriano.it\/\",\"name\":\"Laicato Saveriano\",\"description\":\"Fare del mondo una sola famiglia\",\"publisher\":{\"@id\":\"https:\/\/www.laicatosaveriano.it\/#organization\"},\"potentialAction\":[{\"@type\":\"SearchAction\",\"target\":{\"@type\":\"EntryPoint\",\"urlTemplate\":\"https:\/\/www.laicatosaveriano.it\/?s={search_term_string}\"},\"query-input\":{\"@type\":\"PropertyValueSpecification\",\"valueRequired\":true,\"valueName\":\"search_term_string\"}}],\"inLanguage\":\"pt-PT\"},{\"@type\":\"Organization\",\"@id\":\"https:\/\/www.laicatosaveriano.it\/#organization\",\"name\":\"Laicato Saveriano\",\"url\":\"https:\/\/www.laicatosaveriano.it\/\",\"logo\":{\"@type\":\"ImageObject\",\"inLanguage\":\"pt-PT\",\"@id\":\"https:\/\/www.laicatosaveriano.it\/#\/schema\/logo\/image\/\",\"url\":\"https:\/\/www.laicatosaveriano.it\/wp-content\/uploads\/2024\/11\/cropped-logocropped-logo-laicato-saveriano.jpg\",\"contentUrl\":\"https:\/\/www.laicatosaveriano.it\/wp-content\/uploads\/2024\/11\/cropped-logocropped-logo-laicato-saveriano.jpg\",\"width\":511,\"height\":511,\"caption\":\"Laicato Saveriano\"},\"image\":{\"@id\":\"https:\/\/www.laicatosaveriano.it\/#\/schema\/logo\/image\/\"}},{\"@type\":\"Person\",\"@id\":\"\",\"url\":\"https:\/\/www.laicatosaveriano.it\/pt\/author\"}]}<\/script>\n<!-- \/ Yoast SEO plugin. -->","yoast_head_json":{"title":"Stilisti e ciclismo: l'influenza della moda nel settore - Laicato Saveriano","robots":{"index":"index","follow":"follow","max-snippet":"max-snippet:-1","max-image-preview":"max-image-preview:large","max-video-preview":"max-video-preview:-1"},"canonical":"https:\/\/www.laicatosaveriano.it\/en\/2026\/08\/11\/stilisti-e-ciclismo-l-influenza-della-moda-nel-settore.html","og_locale":"pt_PT","og_type":"article","og_title":"Stilisti e ciclismo: l'influenza della moda nel settore - Laicato Saveriano","og_description":"Il punto di rottura Le squadre di ciclismo non indossano pi\u00f9 solo maglie tecniche; ora la stampa \u00e8 un manifesto di stile. Qui la moda entra nell&#8217;arena come un colpo di pistola, sfidando la tradizione. I ciclisti sono diventati modelle su due ruote, la loro immagine \u00e8 una pista di sfilata. Dalle passerelle alle selle...","og_url":"https:\/\/www.laicatosaveriano.it\/en\/2026\/08\/11\/stilisti-e-ciclismo-l-influenza-della-moda-nel-settore.html","og_site_name":"Laicato Saveriano","article_published_time":"2026-08-11T10:11:14+00:00","twitter_card":"summary_large_image","twitter_misc":{"Escrito por":"","Tempo estimado de leitura":"1 minuto"},"schema":{"@context":"https:\/\/schema.org","@graph":[{"@type":"Article","@id":"https:\/\/www.laicatosaveriano.it\/en\/2026\/08\/11\/stilisti-e-ciclismo-l-influenza-della-moda-nel-settore.html#article","isPartOf":{"@id":"https:\/\/www.laicatosaveriano.it\/en\/2026\/08\/11\/stilisti-e-ciclismo-l-influenza-della-moda-nel-settore.html"},"author":{"name":"","@id":""},"headline":"Stilisti e ciclismo: l&#8217;influenza della moda nel settore","datePublished":"2026-08-11T10:11:14+00:00","mainEntityOfPage":{"@id":"https:\/\/www.laicatosaveriano.it\/en\/2026\/08\/11\/stilisti-e-ciclismo-l-influenza-della-moda-nel-settore.html"},"wordCount":293,"publisher":{"@id":"https:\/\/www.laicatosaveriano.it\/#organization"},"inLanguage":"pt-PT"},{"@type":"WebPage","@id":"https:\/\/www.laicatosaveriano.it\/en\/2026\/08\/11\/stilisti-e-ciclismo-l-influenza-della-moda-nel-settore.html","url":"https:\/\/www.laicatosaveriano.it\/en\/2026\/08\/11\/stilisti-e-ciclismo-l-influenza-della-moda-nel-settore.html","name":"Stilisti e ciclismo: l'influenza della moda nel settore - Laicato Saveriano","isPartOf":{"@id":"https:\/\/www.laicatosaveriano.it\/#website"},"datePublished":"2026-08-11T10:11:14+00:00","breadcrumb":{"@id":"https:\/\/www.laicatosaveriano.it\/en\/2026\/08\/11\/stilisti-e-ciclismo-l-influenza-della-moda-nel-settore.html#breadcrumb"},"inLanguage":"pt-PT","potentialAction":[{"@type":"ReadAction","target":["https:\/\/www.laicatosaveriano.it\/en\/2026\/08\/11\/stilisti-e-ciclismo-l-influenza-della-moda-nel-settore.html"]}]},{"@type":"BreadcrumbList","@id":"https:\/\/www.laicatosaveriano.it\/en\/2026\/08\/11\/stilisti-e-ciclismo-l-influenza-della-moda-nel-settore.html#breadcrumb","itemListElement":[{"@type":"ListItem","position":1,"name":"Home","item":"https:\/\/www.laicatosaveriano.it\/"},{"@type":"ListItem","position":2,"name":"Stilisti e ciclismo: l&#8217;influenza della moda nel settore"}]},{"@type":"WebSite","@id":"https:\/\/www.laicatosaveriano.it\/#website","url":"https:\/\/www.laicatosaveriano.it\/","name":"Laicato Saveriano","description":"Fare del mondo una sola famiglia","publisher":{"@id":"https:\/\/www.laicatosaveriano.it\/#organization"},"potentialAction":[{"@type":"SearchAction","target":{"@type":"EntryPoint","urlTemplate":"https:\/\/www.laicatosaveriano.it\/?s={search_term_string}"},"query-input":{"@type":"PropertyValueSpecification","valueRequired":true,"valueName":"search_term_string"}}],"inLanguage":"pt-PT"},{"@type":"Organization","@id":"https:\/\/www.laicatosaveriano.it\/#organization","name":"Laicato Saveriano","url":"https:\/\/www.laicatosaveriano.it\/","logo":{"@type":"ImageObject","inLanguage":"pt-PT","@id":"https:\/\/www.laicatosaveriano.it\/#\/schema\/logo\/image\/","url":"https:\/\/www.laicatosaveriano.it\/wp-content\/uploads\/2024\/11\/cropped-logocropped-logo-laicato-saveriano.jpg","contentUrl":"https:\/\/www.laicatosaveriano.it\/wp-content\/uploads\/2024\/11\/cropped-logocropped-logo-laicato-saveriano.jpg","width":511,"height":511,"caption":"Laicato Saveriano"},"image":{"@id":"https:\/\/www.laicatosaveriano.it\/#\/schema\/logo\/image\/"}},{"@type":"Person","@id":"","url":"https:\/\/www.laicatosaveriano.it\/pt\/author"}]}},"_links":{"self":[{"href":"https:\/\/www.laicatosaveriano.it\/pt\/wp-json\/wp\/v2\/posts\/26721","targetHints":{"allow":["GET"]}}],"collection":[{"href":"https:\/\/www.laicatosaveriano.it\/pt\/wp-json\/wp\/v2\/posts"}],"about":[{"href":"https:\/\/www.laicatosaveriano.it\/pt\/wp-json\/wp\/v2\/types\/post"}],"author":[{"embeddable":true,"href":"https:\/\/www.laicatosaveriano.it\/pt\/wp-json\/wp\/v2\/users\/63"}],"replies":[{"embeddable":true,"href":"https:\/\/www.laicatosaveriano.it\/pt\/wp-json\/wp\/v2\/comments?post=26721"}],"version-history":[{"count":0,"href":"https:\/\/www.laicatosaveriano.it\/pt\/wp-json\/wp\/v2\/posts\/26721\/revisions"}],"wp:attachment":[{"href":"https:\/\/www.laicatosaveriano.it\/pt\/wp-json\/wp\/v2\/media?parent=26721"}],"wp:term":[{"taxonomy":"category","embeddable":true,"href":"https:\/\/www.laicatosaveriano.it\/pt\/wp-json\/wp\/v2\/categories?post=26721"},{"taxonomy":"post_tag","embeddable":true,"href":"https:\/\/www.laicatosaveriano.it\/pt\/wp-json\/wp\/v2\/tags?post=26721"}],"curies":[{"name":"wp","href":"https:\/\/api.w.org\/{rel}","templated":true}]}}